{"id":1252,"date":"2011-12-01T13:54:14","date_gmt":"2011-12-01T12:54:14","guid":{"rendered":"http:\/\/www.cvce.ch\/wp\/?p=1252"},"modified":"2015-08-21T07:33:24","modified_gmt":"2015-08-21T05:33:24","slug":"concours-interne-2011","status":"publish","type":"post","link":"https:\/\/www.cvce.ch\/wp\/2011\/12\/concours-interne-2011\/","title":{"rendered":"concours interne 2011"},"content":{"rendered":"<p>Le samedi 26 novembre, pr\u00e8s d&rsquo;une centaine de personnes se sont d\u00e9plac\u00e9es au C.O. de la Broye pour admirer les 14 films. Les 5 jurys (Ysa Wojtylo, Annick Cuennet, Daniel Richard, Fran\u00e7ois Wenker et Herv\u00e9 Galeuchet)\u00a0ont analys\u00e9 et jug\u00e9 les films en comp\u00e9tition. De son c\u00f4t\u00e9 le public a \u00e9galement pu voter pour ses films pr\u00e9f\u00e9r\u00e9s.\u00a0 Cette ann\u00e9e, 2 jeunes Staviacois de 14 et 15 ans (Kabir Yadav et Daniel Nunez), ont pr\u00e9sent\u00e9 pour la 1\u00e8re fois leur r\u00e9alisation en public:\u00a0ils ont eu beaucoup de succ\u00e8s, car leur film Magic Doors a termin\u00e9 4\u00e8me pour le jury et \u00e0 la 3\u00e8me place pour le public.\u00a0Les films de Daniel et Kabir sont visibles sur <a href=\"http:\/\/www.youtube.com\/user\/NielDan96\">Youtube<\/a>. Les films de Bernard sont visibles sur Vimeo: <a href=\"http:\/\/vimeo.com\/34082118\">l&rsquo;\u00eele des contrastes<\/a>, <a href=\"http:\/\/vimeo.com\/36638600\">60\u00a0\u00bb \u00e0 la cath\u00e9drale de Lausanne<\/a> et <a href=\"http:\/\/vimeo.com\/34082553\">60\u00a0\u00bb \u00e0 la Grande Caricaie<\/a>.<br \/>\nNouveaut\u00e9 \u00e9galement: un diaporama (hors concours) a aussi \u00e9t\u00e9 pr\u00e9sent\u00e9: le public a appr\u00e9ci\u00e9 les belles images.<\/p>\n<div id='gallery-1' class='gallery galleryid-1252 gallery-columns-3 gallery-size-thumbnail'><figure class='gallery-item'>\n\t\t\t<div class='gallery-icon landscape'>\n\t\t\t\t<a rel='attachment' href='https:\/\/www.cvce.ch\/wp\/2011\/12\/concours-interne-2011\/decompte-res_public\/'><img loading=\"lazy\" decoding=\"async\" width=\"150\" height=\"150\" src=\"https:\/\/www.cvce.ch\/wp\/wp-content\/uploads\/2015\/08\/D\u00e9compte-r\u00e9s_public-150x150.jpg\" class=\"attachment-thumbnail size-thumbnail\" alt=\"\" aria-describedby=\"gallery-1-1253\" srcset=\"https:\/\/www.cvce.ch\/wp\/wp-content\/uploads\/2015\/08\/D\u00e9compte-r\u00e9s_public-150x150.jpg 150w, https:\/\/www.cvce.ch\/wp\/wp-content\/uploads\/2015\/08\/D\u00e9compte-r\u00e9s_public-268x268.jpg 268w\" sizes=\"auto, (max-width: 150px) 100vw, 150px\" \/><\/a>\n\t\t\t<\/div>\n\t\t\t\t<figcaption class='wp-caption-text gallery-caption' id='gallery-1-1253'>\n\t\t\t\tD\u00e9compte des r\u00e9sultats du public\n\t\t\t\t<\/figcaption><\/figure><figure class='gallery-item'>\n\t\t\t<div class='gallery-icon landscape'>\n\t\t\t\t<a rel='attachment' href='https:\/\/www.cvce.ch\/wp\/2011\/12\/concours-interne-2011\/le-jury\/'><img loading=\"lazy\" decoding=\"async\" width=\"150\" height=\"150\" src=\"https:\/\/www.cvce.ch\/wp\/wp-content\/uploads\/2015\/08\/Le-Jury-150x150.jpg\" class=\"attachment-thumbnail size-thumbnail\" alt=\"\" aria-describedby=\"gallery-1-1254\" srcset=\"https:\/\/www.cvce.ch\/wp\/wp-content\/uploads\/2015\/08\/Le-Jury-150x150.jpg 150w, https:\/\/www.cvce.ch\/wp\/wp-content\/uploads\/2015\/08\/Le-Jury-268x268.jpg 268w\" sizes=\"auto, (max-width: 150px) 100vw, 150px\" \/><\/a>\n\t\t\t<\/div>\n\t\t\t\t<figcaption class='wp-caption-text gallery-caption' id='gallery-1-1254'>\n\t\t\t\tLe Jury\n\t\t\t\t<\/figcaption><\/figure><figure class='gallery-item'>\n\t\t\t<div class='gallery-icon landscape'>\n\t\t\t\t<a rel='attachment' href='https:\/\/www.cvce.ch\/wp\/2011\/12\/concours-interne-2011\/le_gagant4\/'><img loading=\"lazy\" decoding=\"async\" width=\"150\" height=\"150\" src=\"https:\/\/www.cvce.ch\/wp\/wp-content\/uploads\/2015\/08\/Le_Gagant4-150x150.jpg\" class=\"attachment-thumbnail size-thumbnail\" alt=\"\" aria-describedby=\"gallery-1-1255\" srcset=\"https:\/\/www.cvce.ch\/wp\/wp-content\/uploads\/2015\/08\/Le_Gagant4-150x150.jpg 150w, https:\/\/www.cvce.ch\/wp\/wp-content\/uploads\/2015\/08\/Le_Gagant4-268x268.jpg 268w\" sizes=\"auto, (max-width: 150px) 100vw, 150px\" \/><\/a>\n\t\t\t<\/div>\n\t\t\t\t<figcaption class='wp-caption-text gallery-caption' id='gallery-1-1255'>\n\t\t\t\tBernard: 1er prix du jury\n\t\t\t\t<\/figcaption><\/figure><figure class='gallery-item'>\n\t\t\t<div class='gallery-icon landscape'>\n\t\t\t\t<a rel='attachment' href='https:\/\/www.cvce.ch\/wp\/2011\/12\/concours-interne-2011\/pres_jury\/'><img loading=\"lazy\" decoding=\"async\" width=\"150\" height=\"150\" src=\"https:\/\/www.cvce.ch\/wp\/wp-content\/uploads\/2015\/08\/pr\u00e9s_jury-150x150.jpg\" class=\"attachment-thumbnail size-thumbnail\" alt=\"\" aria-describedby=\"gallery-1-1256\" srcset=\"https:\/\/www.cvce.ch\/wp\/wp-content\/uploads\/2015\/08\/pr\u00e9s_jury-150x150.jpg 150w, https:\/\/www.cvce.ch\/wp\/wp-content\/uploads\/2015\/08\/pr\u00e9s_jury-268x268.jpg 268w\" sizes=\"auto, (max-width: 150px) 100vw, 150px\" \/><\/a>\n\t\t\t<\/div>\n\t\t\t\t<figcaption class='wp-caption-text gallery-caption' id='gallery-1-1256'>\n\t\t\t\tLe pr\u00e9sident du jury\n\t\t\t\t<\/figcaption><\/figure><figure class='gallery-item'>\n\t\t\t<div class='gallery-icon landscape'>\n\t\t\t\t<a rel='attachment' href='https:\/\/www.cvce.ch\/wp\/2011\/12\/concours-interne-2011\/public\/'><img loading=\"lazy\" decoding=\"async\" width=\"150\" height=\"150\" src=\"https:\/\/www.cvce.ch\/wp\/wp-content\/uploads\/2015\/08\/Public-150x150.jpg\" class=\"attachment-thumbnail size-thumbnail\" alt=\"\" aria-describedby=\"gallery-1-1257\" srcset=\"https:\/\/www.cvce.ch\/wp\/wp-content\/uploads\/2015\/08\/Public-150x150.jpg 150w, https:\/\/www.cvce.ch\/wp\/wp-content\/uploads\/2015\/08\/Public-268x268.jpg 268w\" sizes=\"auto, (max-width: 150px) 100vw, 150px\" \/><\/a>\n\t\t\t<\/div>\n\t\t\t\t<figcaption class='wp-caption-text gallery-caption' id='gallery-1-1257'>\n\t\t\t\tLe public\n\t\t\t\t<\/figcaption><\/figure><figure class='gallery-item'>\n\t\t\t<div class='gallery-icon landscape'>\n\t\t\t\t<a rel='attachment' href='https:\/\/www.cvce.ch\/wp\/2011\/12\/concours-interne-2011\/regis2\/'><img loading=\"lazy\" decoding=\"async\" width=\"150\" height=\"150\" src=\"https:\/\/www.cvce.ch\/wp\/wp-content\/uploads\/2015\/08\/R\u00e9gis2-150x150.jpg\" class=\"attachment-thumbnail size-thumbnail\" alt=\"\" aria-describedby=\"gallery-1-1258\" srcset=\"https:\/\/www.cvce.ch\/wp\/wp-content\/uploads\/2015\/08\/R\u00e9gis2-150x150.jpg 150w, https:\/\/www.cvce.ch\/wp\/wp-content\/uploads\/2015\/08\/R\u00e9gis2-268x268.jpg 268w\" sizes=\"auto, (max-width: 150px) 100vw, 150px\" \/><\/a>\n\t\t\t<\/div>\n\t\t\t\t<figcaption class='wp-caption-text gallery-caption' id='gallery-1-1258'>\n\t\t\t\tR\u00e9gis: 1er prix du public\n\t\t\t\t<\/figcaption><\/figure>\n\t\t<\/div>\n\n","protected":false},"excerpt":{"rendered":"<p>Le samedi 26 novembre, pr\u00e8s d&rsquo;une centaine de personnes se sont d\u00e9plac\u00e9es au C.O. de la Broye pour admirer les 14 films. Les 5 jurys (Ysa Wojtylo, Annick Cuennet, Daniel Richard, Fran\u00e7ois Wenker et Herv\u00e9 Galeuchet)\u00a0ont analys\u00e9 et jug\u00e9 les films en comp\u00e9tition. De son c\u00f4t\u00e9 le public a \u00e9galement &#8230;<\/p>\n","protected":false},"author":2,"featured_media":1258,"comment_status":"open","ping_status":"open","sticky":false,"template":"","format":"standard","meta":{"footnotes":""},"categories":[5],"tags":[66,83],"class_list":["post-1252","post","type-post","status-publish","format-standard","has-post-thumbnail","hentry","category-concours","tag-66","tag-concours-video","column","fourcol","has-thumbnail"],"_links":{"self":[{"href":"https:\/\/www.cvce.ch\/wp\/wp-json\/wp\/v2\/posts\/1252","targetHints":{"allow":["GET"]}}],"collection":[{"href":"https:\/\/www.cvce.ch\/wp\/wp-json\/wp\/v2\/posts"}],"about":[{"href":"https:\/\/www.cvce.ch\/wp\/wp-json\/wp\/v2\/types\/post"}],"author":[{"embeddable":true,"href":"https:\/\/www.cvce.ch\/wp\/wp-json\/wp\/v2\/users\/2"}],"replies":[{"embeddable":true,"href":"https:\/\/www.cvce.ch\/wp\/wp-json\/wp\/v2\/comments?post=1252"}],"version-history":[{"count":2,"href":"https:\/\/www.cvce.ch\/wp\/wp-json\/wp\/v2\/posts\/1252\/revisions"}],"predecessor-version":[{"id":1261,"href":"https:\/\/www.cvce.ch\/wp\/wp-json\/wp\/v2\/posts\/1252\/revisions\/1261"}],"wp:featuredmedia":[{"embeddable":true,"href":"https:\/\/www.cvce.ch\/wp\/wp-json\/wp\/v2\/media\/1258"}],"wp:attachment":[{"href":"https:\/\/www.cvce.ch\/wp\/wp-json\/wp\/v2\/media?parent=1252"}],"wp:term":[{"taxonomy":"category","embeddable":true,"href":"https:\/\/www.cvce.ch\/wp\/wp-json\/wp\/v2\/categories?post=1252"},{"taxonomy":"post_tag","embeddable":true,"href":"https:\/\/www.cvce.ch\/wp\/wp-json\/wp\/v2\/tags?post=1252"}],"curies":[{"name":"wp","href":"https:\/\/api.w.org\/{rel}","templated":true}]}}