{"id":1517,"date":"2013-05-01T22:31:22","date_gmt":"2013-05-01T20:31:22","guid":{"rendered":"http:\/\/www.cvce.ch\/wp\/?p=1517"},"modified":"2015-08-20T22:41:05","modified_gmt":"2015-08-20T20:41:05","slug":"01-05-2013-soiree-sous-marine-par-daniel-baudois-et-sven-tramaux","status":"publish","type":"post","link":"https:\/\/www.cvce.ch\/wp\/2013\/05\/01-05-2013-soiree-sous-marine-par-daniel-baudois-et-sven-tramaux\/","title":{"rendered":"01.05.2013: Soir\u00e9e Sous-marine par Daniel Baudois et Sven Tramaux"},"content":{"rendered":"<p>Daniel Baudois a organis\u00e9 cette s\u00e9ance avec une pr\u00e9sentation d&rsquo;une vid\u00e9o r\u00e9alis\u00e9e dans les eaux limpides de la mer rouge. De magnifiques images r\u00e9alis\u00e9es au moyen d&rsquo;une mini cam\u00e9ra Gopro.<\/p>\n<p>Il nous pr\u00e9sente son ami Sven Tramaux, sp\u00e9cialiste de la photo animali\u00e8re sous-marine.<em>\u00a0<\/em>Les spectateurs sont\u00a0 scotch\u00e9s par des images extraordinaires de cr\u00e9atures \u00e9tranges sorties de nos lacs ou des oc\u00e9ans.<br \/>\n<a href=\"http:\/\/www.cvce.ch\/wp\/wp-content\/uploads\/2015\/08\/Photo_Sous_marine.jpg\"><img loading=\"lazy\" decoding=\"async\" class=\"alignnone size-medium wp-image-1518\" src=\"http:\/\/www.cvce.ch\/wp\/wp-content\/uploads\/2015\/08\/Photo_Sous_marine-300x200.jpg\" alt=\"\" width=\"300\" height=\"200\" data-id=\"1518\" srcset=\"https:\/\/www.cvce.ch\/wp\/wp-content\/uploads\/2015\/08\/Photo_Sous_marine-300x200.jpg 300w, https:\/\/www.cvce.ch\/wp\/wp-content\/uploads\/2015\/08\/Photo_Sous_marine-332x221.jpg 332w, https:\/\/www.cvce.ch\/wp\/wp-content\/uploads\/2015\/08\/Photo_Sous_marine.jpg 640w\" sizes=\"auto, (max-width: 300px) 100vw, 300px\" \/><\/a><\/p>\n","protected":false},"excerpt":{"rendered":"<p>Daniel Baudois a organis\u00e9 cette s\u00e9ance avec une pr\u00e9sentation d&rsquo;une vid\u00e9o r\u00e9alis\u00e9e dans les eaux limpides de la mer rouge. De magnifiques images r\u00e9alis\u00e9es au moyen d&rsquo;une mini cam\u00e9ra Gopro. Il nous pr\u00e9sente son ami Sven Tramaux, sp\u00e9cialiste de la photo animali\u00e8re sous-marine.\u00a0Les spectateurs sont\u00a0 scotch\u00e9s par des images extraordinaires &#8230;<\/p>\n","protected":false},"author":2,"featured_media":1518,"comment_status":"open","ping_status":"open","sticky":false,"template":"","format":"standard","meta":{"footnotes":""},"categories":[4],"tags":[38,84,77,85],"class_list":["post-1517","post","type-post","status-publish","format-standard","has-post-thumbnail","hentry","category-activite","tag-38","tag-daniel-baudois","tag-seance-video","tag-sven-tramaux","column","fourcol","has-thumbnail"],"_links":{"self":[{"href":"https:\/\/www.cvce.ch\/wp\/wp-json\/wp\/v2\/posts\/1517","targetHints":{"allow":["GET"]}}],"collection":[{"href":"https:\/\/www.cvce.ch\/wp\/wp-json\/wp\/v2\/posts"}],"about":[{"href":"https:\/\/www.cvce.ch\/wp\/wp-json\/wp\/v2\/types\/post"}],"author":[{"embeddable":true,"href":"https:\/\/www.cvce.ch\/wp\/wp-json\/wp\/v2\/users\/2"}],"replies":[{"embeddable":true,"href":"https:\/\/www.cvce.ch\/wp\/wp-json\/wp\/v2\/comments?post=1517"}],"version-history":[{"count":2,"href":"https:\/\/www.cvce.ch\/wp\/wp-json\/wp\/v2\/posts\/1517\/revisions"}],"predecessor-version":[{"id":1520,"href":"https:\/\/www.cvce.ch\/wp\/wp-json\/wp\/v2\/posts\/1517\/revisions\/1520"}],"wp:featuredmedia":[{"embeddable":true,"href":"https:\/\/www.cvce.ch\/wp\/wp-json\/wp\/v2\/media\/1518"}],"wp:attachment":[{"href":"https:\/\/www.cvce.ch\/wp\/wp-json\/wp\/v2\/media?parent=1517"}],"wp:term":[{"taxonomy":"category","embeddable":true,"href":"https:\/\/www.cvce.ch\/wp\/wp-json\/wp\/v2\/categories?post=1517"},{"taxonomy":"post_tag","embeddable":true,"href":"https:\/\/www.cvce.ch\/wp\/wp-json\/wp\/v2\/tags?post=1517"}],"curies":[{"name":"wp","href":"https:\/\/api.w.org\/{rel}","templated":true}]}}