{"id":1521,"date":"2011-11-03T22:42:51","date_gmt":"2011-11-03T21:42:51","guid":{"rendered":"http:\/\/www.cvce.ch\/wp\/?p=1521"},"modified":"2015-08-20T22:51:00","modified_gmt":"2015-08-20T20:51:00","slug":"03-11-2011-filmer-avec-appareil-photo","status":"publish","type":"post","link":"https:\/\/www.cvce.ch\/wp\/2011\/11\/03-11-2011-filmer-avec-appareil-photo\/","title":{"rendered":"03.11.2011: filmer avec appareil photo"},"content":{"rendered":"<p>Bernard Wenker nous a organis\u00e9 une soir\u00e9e pour les 2 sections\u00a0(photo et vid\u00e9o). En effet ce ne sont pas moins d&rsquo;une vingtaine de membres qui se sont d\u00e9plac\u00e9s pour\u00a0comprendre comment on peut filmer avec un appareil de photo haut de gamme.\u00a0Les exemples pr\u00e9sent\u00e9s nous ont\u00a0montr\u00e9 que la qualit\u00e9 \u00e9tait au rendez-vous. L&#8217;emploi d&rsquo;objectifs tr\u00e8s lumineux de la s\u00e9rie L permets d&rsquo;isoler facilement un sujet en obtenant un arri\u00e8re plan flou.\u00a0Nous avons aussi test\u00e9 le rail travelling\u00a0qui a fait des merveilles dans le film de la cath\u00e9drale de Lausanne.<\/p>\n<div id='gallery-1' class='gallery galleryid-1521 gallery-columns-4 gallery-size-thumbnail'><figure class='gallery-item'>\n\t\t\t<div class='gallery-icon landscape'>\n\t\t\t\t<a rel='attachment' href='https:\/\/www.cvce.ch\/wp\/wp-content\/uploads\/2015\/08\/277-Ensemble-des-membres-.jpg'><img loading=\"lazy\" decoding=\"async\" width=\"150\" height=\"150\" src=\"https:\/\/www.cvce.ch\/wp\/wp-content\/uploads\/2015\/08\/277-Ensemble-des-membres--150x150.jpg\" class=\"attachment-thumbnail size-thumbnail\" alt=\"\" srcset=\"https:\/\/www.cvce.ch\/wp\/wp-content\/uploads\/2015\/08\/277-Ensemble-des-membres--150x150.jpg 150w, https:\/\/www.cvce.ch\/wp\/wp-content\/uploads\/2015\/08\/277-Ensemble-des-membres--432x432.jpg 432w, https:\/\/www.cvce.ch\/wp\/wp-content\/uploads\/2015\/08\/277-Ensemble-des-membres--268x268.jpg 268w\" sizes=\"auto, (max-width: 150px) 100vw, 150px\" \/><\/a>\n\t\t\t<\/div><\/figure><figure class='gallery-item'>\n\t\t\t<div class='gallery-icon landscape'>\n\t\t\t\t<a rel='attachment' href='https:\/\/www.cvce.ch\/wp\/wp-content\/uploads\/2015\/08\/278-Bernard-.jpg'><img loading=\"lazy\" decoding=\"async\" width=\"150\" height=\"150\" src=\"https:\/\/www.cvce.ch\/wp\/wp-content\/uploads\/2015\/08\/278-Bernard--150x150.jpg\" class=\"attachment-thumbnail size-thumbnail\" alt=\"\" aria-describedby=\"gallery-1-1523\" srcset=\"https:\/\/www.cvce.ch\/wp\/wp-content\/uploads\/2015\/08\/278-Bernard--150x150.jpg 150w, https:\/\/www.cvce.ch\/wp\/wp-content\/uploads\/2015\/08\/278-Bernard--432x432.jpg 432w, https:\/\/www.cvce.ch\/wp\/wp-content\/uploads\/2015\/08\/278-Bernard--268x268.jpg 268w\" sizes=\"auto, (max-width: 150px) 100vw, 150px\" \/><\/a>\n\t\t\t<\/div>\n\t\t\t\t<figcaption class='wp-caption-text gallery-caption' id='gallery-1-1523'>\n\t\t\t\tBernard\n\t\t\t\t<\/figcaption><\/figure><figure class='gallery-item'>\n\t\t\t<div class='gallery-icon landscape'>\n\t\t\t\t<a rel='attachment' href='https:\/\/www.cvce.ch\/wp\/wp-content\/uploads\/2015\/08\/282-Bernard-et-Sam-.jpg'><img loading=\"lazy\" decoding=\"async\" width=\"150\" height=\"150\" src=\"https:\/\/www.cvce.ch\/wp\/wp-content\/uploads\/2015\/08\/282-Bernard-et-Sam--150x150.jpg\" class=\"attachment-thumbnail size-thumbnail\" alt=\"\" aria-describedby=\"gallery-1-1524\" srcset=\"https:\/\/www.cvce.ch\/wp\/wp-content\/uploads\/2015\/08\/282-Bernard-et-Sam--150x150.jpg 150w, https:\/\/www.cvce.ch\/wp\/wp-content\/uploads\/2015\/08\/282-Bernard-et-Sam--432x432.jpg 432w, https:\/\/www.cvce.ch\/wp\/wp-content\/uploads\/2015\/08\/282-Bernard-et-Sam--268x268.jpg 268w\" sizes=\"auto, (max-width: 150px) 100vw, 150px\" \/><\/a>\n\t\t\t<\/div>\n\t\t\t\t<figcaption class='wp-caption-text gallery-caption' id='gallery-1-1524'>\n\t\t\t\tBernard et Sam\n\t\t\t\t<\/figcaption><\/figure><figure class='gallery-item'>\n\t\t\t<div class='gallery-icon landscape'>\n\t\t\t\t<a rel='attachment' href='https:\/\/www.cvce.ch\/wp\/wp-content\/uploads\/2015\/08\/285-Albert-.jpg'><img loading=\"lazy\" decoding=\"async\" width=\"150\" height=\"150\" src=\"https:\/\/www.cvce.ch\/wp\/wp-content\/uploads\/2015\/08\/285-Albert--150x150.jpg\" class=\"attachment-thumbnail size-thumbnail\" alt=\"\" aria-describedby=\"gallery-1-1525\" srcset=\"https:\/\/www.cvce.ch\/wp\/wp-content\/uploads\/2015\/08\/285-Albert--150x150.jpg 150w, https:\/\/www.cvce.ch\/wp\/wp-content\/uploads\/2015\/08\/285-Albert--432x432.jpg 432w, https:\/\/www.cvce.ch\/wp\/wp-content\/uploads\/2015\/08\/285-Albert--268x268.jpg 268w\" sizes=\"auto, (max-width: 150px) 100vw, 150px\" \/><\/a>\n\t\t\t<\/div>\n\t\t\t\t<figcaption class='wp-caption-text gallery-caption' id='gallery-1-1525'>\n\t\t\t\tAlbert\n\t\t\t\t<\/figcaption><\/figure><figure class='gallery-item'>\n\t\t\t<div class='gallery-icon landscape'>\n\t\t\t\t<a rel='attachment' href='https:\/\/www.cvce.ch\/wp\/wp-content\/uploads\/2015\/08\/287-Daniel.jpg'><img loading=\"lazy\" decoding=\"async\" width=\"150\" height=\"150\" src=\"https:\/\/www.cvce.ch\/wp\/wp-content\/uploads\/2015\/08\/287-Daniel-150x150.jpg\" class=\"attachment-thumbnail size-thumbnail\" alt=\"\" aria-describedby=\"gallery-1-1526\" srcset=\"https:\/\/www.cvce.ch\/wp\/wp-content\/uploads\/2015\/08\/287-Daniel-150x150.jpg 150w, https:\/\/www.cvce.ch\/wp\/wp-content\/uploads\/2015\/08\/287-Daniel-432x432.jpg 432w, https:\/\/www.cvce.ch\/wp\/wp-content\/uploads\/2015\/08\/287-Daniel-268x268.jpg 268w\" sizes=\"auto, (max-width: 150px) 100vw, 150px\" \/><\/a>\n\t\t\t<\/div>\n\t\t\t\t<figcaption class='wp-caption-text gallery-caption' id='gallery-1-1526'>\n\t\t\t\tDaniel\n\t\t\t\t<\/figcaption><\/figure><figure class='gallery-item'>\n\t\t\t<div class='gallery-icon landscape'>\n\t\t\t\t<a rel='attachment' href='https:\/\/www.cvce.ch\/wp\/wp-content\/uploads\/2015\/08\/289-Membres-f\u00e9minines.jpg'><img loading=\"lazy\" decoding=\"async\" width=\"150\" height=\"150\" src=\"https:\/\/www.cvce.ch\/wp\/wp-content\/uploads\/2015\/08\/289-Membres-f\u00e9minines-150x150.jpg\" class=\"attachment-thumbnail size-thumbnail\" alt=\"\" aria-describedby=\"gallery-1-1527\" srcset=\"https:\/\/www.cvce.ch\/wp\/wp-content\/uploads\/2015\/08\/289-Membres-f\u00e9minines-150x150.jpg 150w, https:\/\/www.cvce.ch\/wp\/wp-content\/uploads\/2015\/08\/289-Membres-f\u00e9minines-432x432.jpg 432w, https:\/\/www.cvce.ch\/wp\/wp-content\/uploads\/2015\/08\/289-Membres-f\u00e9minines-268x268.jpg 268w\" sizes=\"auto, (max-width: 150px) 100vw, 150px\" \/><\/a>\n\t\t\t<\/div>\n\t\t\t\t<figcaption class='wp-caption-text gallery-caption' id='gallery-1-1527'>\n\t\t\t\tDiscussions\n\t\t\t\t<\/figcaption><\/figure><figure class='gallery-item'>\n\t\t\t<div class='gallery-icon landscape'>\n\t\t\t\t<a rel='attachment' href='https:\/\/www.cvce.ch\/wp\/wp-content\/uploads\/2015\/08\/IMG_6254.jpg'><img loading=\"lazy\" decoding=\"async\" width=\"150\" height=\"150\" src=\"https:\/\/www.cvce.ch\/wp\/wp-content\/uploads\/2015\/08\/IMG_6254-150x150.jpg\" class=\"attachment-thumbnail size-thumbnail\" alt=\"\" aria-describedby=\"gallery-1-1530\" srcset=\"https:\/\/www.cvce.ch\/wp\/wp-content\/uploads\/2015\/08\/IMG_6254-150x150.jpg 150w, https:\/\/www.cvce.ch\/wp\/wp-content\/uploads\/2015\/08\/IMG_6254-432x432.jpg 432w, https:\/\/www.cvce.ch\/wp\/wp-content\/uploads\/2015\/08\/IMG_6254-268x268.jpg 268w\" sizes=\"auto, (max-width: 150px) 100vw, 150px\" \/><\/a>\n\t\t\t<\/div>\n\t\t\t\t<figcaption class='wp-caption-text gallery-caption' id='gallery-1-1530'>\n\t\t\t\tBernard et Sam\n\t\t\t\t<\/figcaption><\/figure><figure class='gallery-item'>\n\t\t\t<div class='gallery-icon landscape'>\n\t\t\t\t<a rel='attachment' href='https:\/\/www.cvce.ch\/wp\/wp-content\/uploads\/2015\/08\/Mise_en_Place_du_rail_Travelling.jpg'><img loading=\"lazy\" decoding=\"async\" width=\"150\" height=\"150\" src=\"https:\/\/www.cvce.ch\/wp\/wp-content\/uploads\/2015\/08\/Mise_en_Place_du_rail_Travelling-150x150.jpg\" class=\"attachment-thumbnail size-thumbnail\" alt=\"\" aria-describedby=\"gallery-1-1532\" srcset=\"https:\/\/www.cvce.ch\/wp\/wp-content\/uploads\/2015\/08\/Mise_en_Place_du_rail_Travelling-150x150.jpg 150w, https:\/\/www.cvce.ch\/wp\/wp-content\/uploads\/2015\/08\/Mise_en_Place_du_rail_Travelling-268x268.jpg 268w\" sizes=\"auto, (max-width: 150px) 100vw, 150px\" \/><\/a>\n\t\t\t<\/div>\n\t\t\t\t<figcaption class='wp-caption-text gallery-caption' id='gallery-1-1532'>\n\t\t\t\tLe rail travelling\n\t\t\t\t<\/figcaption><\/figure><figure class='gallery-item'>\n\t\t\t<div class='gallery-icon landscape'>\n\t\t\t\t<a rel='attachment' href='https:\/\/www.cvce.ch\/wp\/wp-content\/uploads\/2015\/08\/Test_de_la_Config_sc\u00e9nario.jpg'><img loading=\"lazy\" decoding=\"async\" width=\"150\" height=\"150\" src=\"https:\/\/www.cvce.ch\/wp\/wp-content\/uploads\/2015\/08\/Test_de_la_Config_sc\u00e9nario-150x150.jpg\" class=\"attachment-thumbnail size-thumbnail\" alt=\"\" aria-describedby=\"gallery-1-1533\" srcset=\"https:\/\/www.cvce.ch\/wp\/wp-content\/uploads\/2015\/08\/Test_de_la_Config_sc\u00e9nario-150x150.jpg 150w, https:\/\/www.cvce.ch\/wp\/wp-content\/uploads\/2015\/08\/Test_de_la_Config_sc\u00e9nario-268x268.jpg 268w\" sizes=\"auto, (max-width: 150px) 100vw, 150px\" \/><\/a>\n\t\t\t<\/div>\n\t\t\t\t<figcaption class='wp-caption-text gallery-caption' id='gallery-1-1533'>\n\t\t\t\tSam et Bernard\n\t\t\t\t<\/figcaption><\/figure>\n\t\t<\/div>\n\n","protected":false},"excerpt":{"rendered":"<p>Bernard Wenker nous a organis\u00e9 une soir\u00e9e pour les 2 sections\u00a0(photo et vid\u00e9o). En effet ce ne sont pas moins d&rsquo;une vingtaine de membres qui se sont d\u00e9plac\u00e9s pour\u00a0comprendre comment on peut filmer avec un appareil de photo haut de gamme.\u00a0Les exemples pr\u00e9sent\u00e9s nous ont\u00a0montr\u00e9 que la qualit\u00e9 \u00e9tait au &#8230;<\/p>\n","protected":false},"author":2,"featured_media":1531,"comment_status":"open","ping_status":"open","sticky":false,"template":"","format":"standard","meta":{"footnotes":""},"categories":[4],"tags":[66,77],"class_list":["post-1521","post","type-post","status-publish","format-standard","has-post-thumbnail","hentry","category-activite","tag-66","tag-seance-video","column","fourcol","has-thumbnail"],"_links":{"self":[{"href":"https:\/\/www.cvce.ch\/wp\/wp-json\/wp\/v2\/posts\/1521","targetHints":{"allow":["GET"]}}],"collection":[{"href":"https:\/\/www.cvce.ch\/wp\/wp-json\/wp\/v2\/posts"}],"about":[{"href":"https:\/\/www.cvce.ch\/wp\/wp-json\/wp\/v2\/types\/post"}],"author":[{"embeddable":true,"href":"https:\/\/www.cvce.ch\/wp\/wp-json\/wp\/v2\/users\/2"}],"replies":[{"embeddable":true,"href":"https:\/\/www.cvce.ch\/wp\/wp-json\/wp\/v2\/comments?post=1521"}],"version-history":[{"count":1,"href":"https:\/\/www.cvce.ch\/wp\/wp-json\/wp\/v2\/posts\/1521\/revisions"}],"predecessor-version":[{"id":1534,"href":"https:\/\/www.cvce.ch\/wp\/wp-json\/wp\/v2\/posts\/1521\/revisions\/1534"}],"wp:featuredmedia":[{"embeddable":true,"href":"https:\/\/www.cvce.ch\/wp\/wp-json\/wp\/v2\/media\/1531"}],"wp:attachment":[{"href":"https:\/\/www.cvce.ch\/wp\/wp-json\/wp\/v2\/media?parent=1521"}],"wp:term":[{"taxonomy":"category","embeddable":true,"href":"https:\/\/www.cvce.ch\/wp\/wp-json\/wp\/v2\/categories?post=1521"},{"taxonomy":"post_tag","embeddable":true,"href":"https:\/\/www.cvce.ch\/wp\/wp-json\/wp\/v2\/tags?post=1521"}],"curies":[{"name":"wp","href":"https:\/\/api.w.org\/{rel}","templated":true}]}}