{"id":1629,"date":"2015-09-02T19:30:13","date_gmt":"2015-09-02T17:30:13","guid":{"rendered":"http:\/\/www.cvce.ch\/wp\/?p=1629"},"modified":"2015-09-06T21:51:56","modified_gmt":"2015-09-06T19:51:56","slug":"02-09-15-presentation-du-film-et-du-diaporama-festival-des-roses-2015","status":"publish","type":"post","link":"https:\/\/www.cvce.ch\/wp\/2015\/09\/02-09-15-presentation-du-film-et-du-diaporama-festival-des-roses-2015\/","title":{"rendered":"Pr\u00e9sentation du film et du diaporama \u00ab\u00a0Festival des Roses 2015\u00a0\u00bb"},"content":{"rendered":"<p>Lors de la s\u00e9ance vid\u00e9o du 2 septembre 2015, <strong>Georges Losey<\/strong> nous a pr\u00e9sent\u00e9 ses deux derni\u00e8res r\u00e9alisations:<\/p>\n<ul>\n<li><strong>Film sur le Festival des Roses 2015<\/strong><br \/>\nCe reportage a \u00e9t\u00e9 tourn\u00e9 pendant la pr\u00e9paration et durant la f\u00eate qui a anim\u00e9 la ville d&rsquo;Estavayer-le-Lac le week-end du 5 au 7 juin. Georges a mont\u00e9s les images tourn\u00e9es par les membres (Georges, Claudy, Daniel et Christian), ainsi que des images a\u00e9riennes prises par \u00ab\u00a0Air Production\u00a0\u00bb. Apr\u00e8s de nombreuses heures de montage, il a pu nous pr\u00e9senter un film de 40 minutes retra\u00e7ant les moments forts de cet \u00e9v\u00e9nement.<\/li>\n<li><strong>Diaporama sur le festival des roses 2015<\/strong><br \/>\nLes membres de la section photo ont aussi \u00e9t\u00e9 mis \u00e0 contribution durant ce week-end pour immortaliser cet \u00e9v\u00e9nement. En rassemblant et triant les photos, Georges a r\u00e9alis\u00e9 un diaporama de 14 minutes avec les photos r\u00e9colt\u00e9es.<\/li>\n<li>Ces 2 reportages seront prochainement projet\u00e9s aux membres du <a href=\"http:\/\/www.festivaldesroses.ch\/\">Comit\u00e9 d&rsquo;Organisation du Festival des roses<\/a>.<\/li>\n<\/ul>\n<div id='gallery-1' class='gallery galleryid-1629 gallery-columns-4 gallery-size-thumbnail'><figure class='gallery-item'>\n\t\t\t<div class='gallery-icon landscape'>\n\t\t\t\t<a rel='attachment' href='https:\/\/www.cvce.ch\/wp\/wp-content\/uploads\/2015\/09\/DSC05380-1.jpg'><img loading=\"lazy\" decoding=\"async\" width=\"150\" height=\"150\" src=\"https:\/\/www.cvce.ch\/wp\/wp-content\/uploads\/2015\/09\/DSC05380-1-150x150.jpg\" class=\"attachment-thumbnail size-thumbnail\" alt=\"\" srcset=\"https:\/\/www.cvce.ch\/wp\/wp-content\/uploads\/2015\/09\/DSC05380-1-150x150.jpg 150w, https:\/\/www.cvce.ch\/wp\/wp-content\/uploads\/2015\/09\/DSC05380-1-432x432.jpg 432w, https:\/\/www.cvce.ch\/wp\/wp-content\/uploads\/2015\/09\/DSC05380-1-268x268.jpg 268w\" sizes=\"auto, (max-width: 150px) 100vw, 150px\" \/><\/a>\n\t\t\t<\/div><\/figure><figure class='gallery-item'>\n\t\t\t<div class='gallery-icon landscape'>\n\t\t\t\t<a rel='attachment' href='https:\/\/www.cvce.ch\/wp\/wp-content\/uploads\/2015\/09\/DSC05392-1.jpg'><img loading=\"lazy\" decoding=\"async\" width=\"150\" height=\"150\" src=\"https:\/\/www.cvce.ch\/wp\/wp-content\/uploads\/2015\/09\/DSC05392-1-150x150.jpg\" class=\"attachment-thumbnail size-thumbnail\" alt=\"\" srcset=\"https:\/\/www.cvce.ch\/wp\/wp-content\/uploads\/2015\/09\/DSC05392-1-150x150.jpg 150w, https:\/\/www.cvce.ch\/wp\/wp-content\/uploads\/2015\/09\/DSC05392-1-432x432.jpg 432w, https:\/\/www.cvce.ch\/wp\/wp-content\/uploads\/2015\/09\/DSC05392-1-268x268.jpg 268w\" sizes=\"auto, (max-width: 150px) 100vw, 150px\" \/><\/a>\n\t\t\t<\/div><\/figure><figure class='gallery-item'>\n\t\t\t<div class='gallery-icon landscape'>\n\t\t\t\t<a rel='attachment' href='https:\/\/www.cvce.ch\/wp\/wp-content\/uploads\/2015\/09\/DSC05434-1.jpg'><img loading=\"lazy\" decoding=\"async\" width=\"150\" height=\"150\" src=\"https:\/\/www.cvce.ch\/wp\/wp-content\/uploads\/2015\/09\/DSC05434-1-150x150.jpg\" class=\"attachment-thumbnail size-thumbnail\" alt=\"\" srcset=\"https:\/\/www.cvce.ch\/wp\/wp-content\/uploads\/2015\/09\/DSC05434-1-150x150.jpg 150w, https:\/\/www.cvce.ch\/wp\/wp-content\/uploads\/2015\/09\/DSC05434-1-432x432.jpg 432w, https:\/\/www.cvce.ch\/wp\/wp-content\/uploads\/2015\/09\/DSC05434-1-268x268.jpg 268w\" sizes=\"auto, (max-width: 150px) 100vw, 150px\" \/><\/a>\n\t\t\t<\/div><\/figure><figure class='gallery-item'>\n\t\t\t<div class='gallery-icon landscape'>\n\t\t\t\t<a rel='attachment' href='https:\/\/www.cvce.ch\/wp\/wp-content\/uploads\/2015\/09\/DSC05447-1.jpg'><img loading=\"lazy\" decoding=\"async\" width=\"150\" height=\"150\" src=\"https:\/\/www.cvce.ch\/wp\/wp-content\/uploads\/2015\/09\/DSC05447-1-150x150.jpg\" class=\"attachment-thumbnail size-thumbnail\" alt=\"\" srcset=\"https:\/\/www.cvce.ch\/wp\/wp-content\/uploads\/2015\/09\/DSC05447-1-150x150.jpg 150w, https:\/\/www.cvce.ch\/wp\/wp-content\/uploads\/2015\/09\/DSC05447-1-432x432.jpg 432w, https:\/\/www.cvce.ch\/wp\/wp-content\/uploads\/2015\/09\/DSC05447-1-268x268.jpg 268w\" sizes=\"auto, (max-width: 150px) 100vw, 150px\" \/><\/a>\n\t\t\t<\/div><\/figure><figure class='gallery-item'>\n\t\t\t<div class='gallery-icon landscape'>\n\t\t\t\t<a rel='attachment' href='https:\/\/www.cvce.ch\/wp\/wp-content\/uploads\/2015\/09\/DSC05453-1.jpg'><img loading=\"lazy\" decoding=\"async\" width=\"150\" height=\"150\" src=\"https:\/\/www.cvce.ch\/wp\/wp-content\/uploads\/2015\/09\/DSC05453-1-150x150.jpg\" class=\"attachment-thumbnail size-thumbnail\" alt=\"\" srcset=\"https:\/\/www.cvce.ch\/wp\/wp-content\/uploads\/2015\/09\/DSC05453-1-150x150.jpg 150w, https:\/\/www.cvce.ch\/wp\/wp-content\/uploads\/2015\/09\/DSC05453-1-432x432.jpg 432w, https:\/\/www.cvce.ch\/wp\/wp-content\/uploads\/2015\/09\/DSC05453-1-268x268.jpg 268w\" sizes=\"auto, (max-width: 150px) 100vw, 150px\" \/><\/a>\n\t\t\t<\/div><\/figure><figure class='gallery-item'>\n\t\t\t<div class='gallery-icon landscape'>\n\t\t\t\t<a rel='attachment' href='https:\/\/www.cvce.ch\/wp\/wp-content\/uploads\/2015\/09\/DSC05458-1.jpg'><img loading=\"lazy\" decoding=\"async\" width=\"150\" height=\"150\" src=\"https:\/\/www.cvce.ch\/wp\/wp-content\/uploads\/2015\/09\/DSC05458-1-150x150.jpg\" class=\"attachment-thumbnail size-thumbnail\" alt=\"\" srcset=\"https:\/\/www.cvce.ch\/wp\/wp-content\/uploads\/2015\/09\/DSC05458-1-150x150.jpg 150w, https:\/\/www.cvce.ch\/wp\/wp-content\/uploads\/2015\/09\/DSC05458-1-432x432.jpg 432w, https:\/\/www.cvce.ch\/wp\/wp-content\/uploads\/2015\/09\/DSC05458-1-268x268.jpg 268w\" sizes=\"auto, (max-width: 150px) 100vw, 150px\" \/><\/a>\n\t\t\t<\/div><\/figure><figure class='gallery-item'>\n\t\t\t<div class='gallery-icon landscape'>\n\t\t\t\t<a rel='attachment' href='https:\/\/www.cvce.ch\/wp\/wp-content\/uploads\/2015\/09\/DSC05471-1.jpg'><img loading=\"lazy\" decoding=\"async\" width=\"150\" height=\"150\" src=\"https:\/\/www.cvce.ch\/wp\/wp-content\/uploads\/2015\/09\/DSC05471-1-150x150.jpg\" class=\"attachment-thumbnail size-thumbnail\" alt=\"\" srcset=\"https:\/\/www.cvce.ch\/wp\/wp-content\/uploads\/2015\/09\/DSC05471-1-150x150.jpg 150w, https:\/\/www.cvce.ch\/wp\/wp-content\/uploads\/2015\/09\/DSC05471-1-432x432.jpg 432w, https:\/\/www.cvce.ch\/wp\/wp-content\/uploads\/2015\/09\/DSC05471-1-268x268.jpg 268w\" sizes=\"auto, (max-width: 150px) 100vw, 150px\" \/><\/a>\n\t\t\t<\/div><\/figure><figure class='gallery-item'>\n\t\t\t<div class='gallery-icon landscape'>\n\t\t\t\t<a rel='attachment' href='https:\/\/www.cvce.ch\/wp\/wp-content\/uploads\/2015\/09\/DSC05475-1.jpg'><img loading=\"lazy\" decoding=\"async\" width=\"150\" height=\"150\" src=\"https:\/\/www.cvce.ch\/wp\/wp-content\/uploads\/2015\/09\/DSC05475-1-150x150.jpg\" class=\"attachment-thumbnail size-thumbnail\" alt=\"\" srcset=\"https:\/\/www.cvce.ch\/wp\/wp-content\/uploads\/2015\/09\/DSC05475-1-150x150.jpg 150w, https:\/\/www.cvce.ch\/wp\/wp-content\/uploads\/2015\/09\/DSC05475-1-432x432.jpg 432w, https:\/\/www.cvce.ch\/wp\/wp-content\/uploads\/2015\/09\/DSC05475-1-268x268.jpg 268w\" sizes=\"auto, (max-width: 150px) 100vw, 150px\" \/><\/a>\n\t\t\t<\/div><\/figure><figure class='gallery-item'>\n\t\t\t<div class='gallery-icon landscape'>\n\t\t\t\t<a rel='attachment' href='https:\/\/www.cvce.ch\/wp\/wp-content\/uploads\/2015\/09\/DSC05514-1.jpg'><img loading=\"lazy\" decoding=\"async\" width=\"150\" height=\"150\" src=\"https:\/\/www.cvce.ch\/wp\/wp-content\/uploads\/2015\/09\/DSC05514-1-150x150.jpg\" class=\"attachment-thumbnail size-thumbnail\" alt=\"\" srcset=\"https:\/\/www.cvce.ch\/wp\/wp-content\/uploads\/2015\/09\/DSC05514-1-150x150.jpg 150w, https:\/\/www.cvce.ch\/wp\/wp-content\/uploads\/2015\/09\/DSC05514-1-432x432.jpg 432w, https:\/\/www.cvce.ch\/wp\/wp-content\/uploads\/2015\/09\/DSC05514-1-268x268.jpg 268w\" sizes=\"auto, (max-width: 150px) 100vw, 150px\" \/><\/a>\n\t\t\t<\/div><\/figure><figure class='gallery-item'>\n\t\t\t<div class='gallery-icon landscape'>\n\t\t\t\t<a rel='attachment' href='https:\/\/www.cvce.ch\/wp\/wp-content\/uploads\/2015\/09\/DSC05535-1.jpg'><img loading=\"lazy\" decoding=\"async\" width=\"150\" height=\"150\" src=\"https:\/\/www.cvce.ch\/wp\/wp-content\/uploads\/2015\/09\/DSC05535-1-150x150.jpg\" class=\"attachment-thumbnail size-thumbnail\" alt=\"\" srcset=\"https:\/\/www.cvce.ch\/wp\/wp-content\/uploads\/2015\/09\/DSC05535-1-150x150.jpg 150w, https:\/\/www.cvce.ch\/wp\/wp-content\/uploads\/2015\/09\/DSC05535-1-432x432.jpg 432w, https:\/\/www.cvce.ch\/wp\/wp-content\/uploads\/2015\/09\/DSC05535-1-268x268.jpg 268w\" sizes=\"auto, (max-width: 150px) 100vw, 150px\" \/><\/a>\n\t\t\t<\/div><\/figure><figure class='gallery-item'>\n\t\t\t<div class='gallery-icon landscape'>\n\t\t\t\t<a rel='attachment' href='https:\/\/www.cvce.ch\/wp\/wp-content\/uploads\/2015\/09\/DSC05745-1.jpg'><img loading=\"lazy\" decoding=\"async\" width=\"150\" height=\"150\" src=\"https:\/\/www.cvce.ch\/wp\/wp-content\/uploads\/2015\/09\/DSC05745-1-150x150.jpg\" class=\"attachment-thumbnail size-thumbnail\" alt=\"\" srcset=\"https:\/\/www.cvce.ch\/wp\/wp-content\/uploads\/2015\/09\/DSC05745-1-150x150.jpg 150w, https:\/\/www.cvce.ch\/wp\/wp-content\/uploads\/2015\/09\/DSC05745-1-432x432.jpg 432w, https:\/\/www.cvce.ch\/wp\/wp-content\/uploads\/2015\/09\/DSC05745-1-268x268.jpg 268w\" sizes=\"auto, (max-width: 150px) 100vw, 150px\" \/><\/a>\n\t\t\t<\/div><\/figure><figure class='gallery-item'>\n\t\t\t<div class='gallery-icon landscape'>\n\t\t\t\t<a rel='attachment' href='https:\/\/www.cvce.ch\/wp\/wp-content\/uploads\/2015\/09\/DSC05749-1.jpg'><img loading=\"lazy\" decoding=\"async\" width=\"150\" height=\"150\" src=\"https:\/\/www.cvce.ch\/wp\/wp-content\/uploads\/2015\/09\/DSC05749-1-150x150.jpg\" class=\"attachment-thumbnail size-thumbnail\" alt=\"\" srcset=\"https:\/\/www.cvce.ch\/wp\/wp-content\/uploads\/2015\/09\/DSC05749-1-150x150.jpg 150w, https:\/\/www.cvce.ch\/wp\/wp-content\/uploads\/2015\/09\/DSC05749-1-432x432.jpg 432w, https:\/\/www.cvce.ch\/wp\/wp-content\/uploads\/2015\/09\/DSC05749-1-268x268.jpg 268w\" sizes=\"auto, (max-width: 150px) 100vw, 150px\" \/><\/a>\n\t\t\t<\/div><\/figure><figure class='gallery-item'>\n\t\t\t<div class='gallery-icon landscape'>\n\t\t\t\t<a rel='attachment' href='https:\/\/www.cvce.ch\/wp\/wp-content\/uploads\/2015\/09\/DSC05753-1.jpg'><img loading=\"lazy\" decoding=\"async\" width=\"150\" height=\"150\" src=\"https:\/\/www.cvce.ch\/wp\/wp-content\/uploads\/2015\/09\/DSC05753-1-150x150.jpg\" class=\"attachment-thumbnail size-thumbnail\" alt=\"\" srcset=\"https:\/\/www.cvce.ch\/wp\/wp-content\/uploads\/2015\/09\/DSC05753-1-150x150.jpg 150w, https:\/\/www.cvce.ch\/wp\/wp-content\/uploads\/2015\/09\/DSC05753-1-432x432.jpg 432w, https:\/\/www.cvce.ch\/wp\/wp-content\/uploads\/2015\/09\/DSC05753-1-268x268.jpg 268w\" sizes=\"auto, (max-width: 150px) 100vw, 150px\" \/><\/a>\n\t\t\t<\/div><\/figure>\n\t\t<\/div>\n\n<p>&nbsp;<\/p>\n","protected":false},"excerpt":{"rendered":"<p>Lors de la s\u00e9ance vid\u00e9o du 2 septembre 2015, Georges Losey nous a pr\u00e9sent\u00e9 ses deux derni\u00e8res r\u00e9alisations: Film sur le Festival des Roses 2015 Ce reportage a \u00e9t\u00e9 tourn\u00e9 pendant la pr\u00e9paration et durant la f\u00eate qui a anim\u00e9 la ville d&rsquo;Estavayer-le-Lac le week-end du 5 au 7 juin. &#8230;<\/p>\n","protected":false},"author":2,"featured_media":1641,"comment_status":"closed","ping_status":"open","sticky":false,"template":"","format":"standard","meta":{"footnotes":""},"categories":[4],"tags":[21,98,62,97,94,77],"class_list":["post-1629","post","type-post","status-publish","format-standard","has-post-thumbnail","hentry","category-activite","tag-21","tag-estavayer-le-lac","tag-festival-des-roses","tag-reportage-photo","tag-reportage-video","tag-seance-video","column","fourcol","has-thumbnail"],"_links":{"self":[{"href":"https:\/\/www.cvce.ch\/wp\/wp-json\/wp\/v2\/posts\/1629","targetHints":{"allow":["GET"]}}],"collection":[{"href":"https:\/\/www.cvce.ch\/wp\/wp-json\/wp\/v2\/posts"}],"about":[{"href":"https:\/\/www.cvce.ch\/wp\/wp-json\/wp\/v2\/types\/post"}],"author":[{"embeddable":true,"href":"https:\/\/www.cvce.ch\/wp\/wp-json\/wp\/v2\/users\/2"}],"replies":[{"embeddable":true,"href":"https:\/\/www.cvce.ch\/wp\/wp-json\/wp\/v2\/comments?post=1629"}],"version-history":[{"count":6,"href":"https:\/\/www.cvce.ch\/wp\/wp-json\/wp\/v2\/posts\/1629\/revisions"}],"predecessor-version":[{"id":1651,"href":"https:\/\/www.cvce.ch\/wp\/wp-json\/wp\/v2\/posts\/1629\/revisions\/1651"}],"wp:featuredmedia":[{"embeddable":true,"href":"https:\/\/www.cvce.ch\/wp\/wp-json\/wp\/v2\/media\/1641"}],"wp:attachment":[{"href":"https:\/\/www.cvce.ch\/wp\/wp-json\/wp\/v2\/media?parent=1629"}],"wp:term":[{"taxonomy":"category","embeddable":true,"href":"https:\/\/www.cvce.ch\/wp\/wp-json\/wp\/v2\/categories?post=1629"},{"taxonomy":"post_tag","embeddable":true,"href":"https:\/\/www.cvce.ch\/wp\/wp-json\/wp\/v2\/tags?post=1629"}],"curies":[{"name":"wp","href":"https:\/\/api.w.org\/{rel}","templated":true}]}}