{"id":1956,"date":"2016-02-20T13:48:52","date_gmt":"2016-02-20T12:48:52","guid":{"rendered":"http:\/\/www.cvce.ch\/wp\/?p=1956"},"modified":"2016-02-24T07:05:02","modified_gmt":"2016-02-24T06:05:02","slug":"concours-contre-jour-en-noir-et-blanc-fevrier-2016","status":"publish","type":"post","link":"https:\/\/www.cvce.ch\/wp\/2016\/02\/concours-contre-jour-en-noir-et-blanc-fevrier-2016\/","title":{"rendered":"Concours \u2013 Contre-jour en noir et blanc \u2013 f\u00e9vrier 2016"},"content":{"rendered":"<p>Th\u00e8me du concours :<strong> Contre-jour en noir et blanc<\/strong><\/p>\n<p><a href=\"http:\/\/www.cvce.ch\/wp\/wp-content\/uploads\/2016\/02\/Johny-f\u00e9v-201602.jpg\" rel=\"attachment wp-att-1961\"><img loading=\"lazy\" decoding=\"async\" class=\"alignnone size-medium wp-image-1961\" src=\"http:\/\/www.cvce.ch\/wp\/wp-content\/uploads\/2016\/02\/Johny-f\u00e9v-201602-300x287.jpg\" alt=\"Johny f\u00e9v 201602\" width=\"300\" height=\"287\" data-id=\"1961\" srcset=\"https:\/\/www.cvce.ch\/wp\/wp-content\/uploads\/2016\/02\/Johny-f\u00e9v-201602-300x287.jpg 300w, https:\/\/www.cvce.ch\/wp\/wp-content\/uploads\/2016\/02\/Johny-f\u00e9v-201602-768x734.jpg 768w, https:\/\/www.cvce.ch\/wp\/wp-content\/uploads\/2016\/02\/Johny-f\u00e9v-201602.jpg 1024w, https:\/\/www.cvce.ch\/wp\/wp-content\/uploads\/2016\/02\/Johny-f\u00e9v-201602-700x669.jpg 700w, https:\/\/www.cvce.ch\/wp\/wp-content\/uploads\/2016\/02\/Johny-f\u00e9v-201602-332x317.jpg 332w\" sizes=\"auto, (max-width: 300px) 100vw, 300px\" \/><\/a><\/p>\n<p><strong>Classement:<\/strong><\/p>\n<ol>\n<li>Johny Rappit<\/li>\n<li>Georges Losey<\/li>\n<li>Olivier Rapin<\/li>\n<\/ol>\n<div id='gallery-1' class='gallery galleryid-1956 gallery-columns-4 gallery-size-thumbnail'><figure class='gallery-item'>\n\t\t\t<div class='gallery-icon landscape'>\n\t\t\t\t<a rel='attachment' href='https:\/\/www.cvce.ch\/wp\/wp-content\/uploads\/2016\/02\/Johann-Corminboeuf-Concour-f\u00e9vrier.1.jpg'><img loading=\"lazy\" decoding=\"async\" width=\"150\" height=\"150\" src=\"https:\/\/www.cvce.ch\/wp\/wp-content\/uploads\/2016\/02\/Johann-Corminboeuf-Concour-f\u00e9vrier.1-150x150.jpg\" class=\"attachment-thumbnail size-thumbnail\" alt=\"\" aria-describedby=\"gallery-1-1958\" srcset=\"https:\/\/www.cvce.ch\/wp\/wp-content\/uploads\/2016\/02\/Johann-Corminboeuf-Concour-f\u00e9vrier.1-150x150.jpg 150w, https:\/\/www.cvce.ch\/wp\/wp-content\/uploads\/2016\/02\/Johann-Corminboeuf-Concour-f\u00e9vrier.1-432x432.jpg 432w, https:\/\/www.cvce.ch\/wp\/wp-content\/uploads\/2016\/02\/Johann-Corminboeuf-Concour-f\u00e9vrier.1-268x268.jpg 268w\" sizes=\"auto, (max-width: 150px) 100vw, 150px\" \/><\/a>\n\t\t\t<\/div>\n\t\t\t\t<figcaption class='wp-caption-text gallery-caption' id='gallery-1-1958'>\n\t\t\t\tJohann Corminboeuf\n\t\t\t\t<\/figcaption><\/figure><figure class='gallery-item'>\n\t\t\t<div class='gallery-icon portrait'>\n\t\t\t\t<a rel='attachment' href='https:\/\/www.cvce.ch\/wp\/wp-content\/uploads\/2016\/02\/Georgy-01.jpg'><img loading=\"lazy\" decoding=\"async\" width=\"150\" height=\"150\" src=\"https:\/\/www.cvce.ch\/wp\/wp-content\/uploads\/2016\/02\/Georgy-01-150x150.jpg\" class=\"attachment-thumbnail size-thumbnail\" alt=\"\" aria-describedby=\"gallery-1-1974\" srcset=\"https:\/\/www.cvce.ch\/wp\/wp-content\/uploads\/2016\/02\/Georgy-01-150x150.jpg 150w, https:\/\/www.cvce.ch\/wp\/wp-content\/uploads\/2016\/02\/Georgy-01-432x432.jpg 432w, https:\/\/www.cvce.ch\/wp\/wp-content\/uploads\/2016\/02\/Georgy-01-268x268.jpg 268w\" sizes=\"auto, (max-width: 150px) 100vw, 150px\" \/><\/a>\n\t\t\t<\/div>\n\t\t\t\t<figcaption class='wp-caption-text gallery-caption' id='gallery-1-1974'>\n\t\t\t\tGeorgy Chassot\n\t\t\t\t<\/figcaption><\/figure><figure class='gallery-item'>\n\t\t\t<div class='gallery-icon landscape'>\n\t\t\t\t<a rel='attachment' href='https:\/\/www.cvce.ch\/wp\/wp-content\/uploads\/2016\/02\/C\u00e9line02.jpg'><img loading=\"lazy\" decoding=\"async\" width=\"150\" height=\"150\" src=\"https:\/\/www.cvce.ch\/wp\/wp-content\/uploads\/2016\/02\/C\u00e9line02-150x150.jpg\" class=\"attachment-thumbnail size-thumbnail\" alt=\"\" aria-describedby=\"gallery-1-1967\" srcset=\"https:\/\/www.cvce.ch\/wp\/wp-content\/uploads\/2016\/02\/C\u00e9line02-150x150.jpg 150w, https:\/\/www.cvce.ch\/wp\/wp-content\/uploads\/2016\/02\/C\u00e9line02-300x300.jpg 300w, https:\/\/www.cvce.ch\/wp\/wp-content\/uploads\/2016\/02\/C\u00e9line02-768x768.jpg 768w, https:\/\/www.cvce.ch\/wp\/wp-content\/uploads\/2016\/02\/C\u00e9line02-700x700.jpg 700w, https:\/\/www.cvce.ch\/wp\/wp-content\/uploads\/2016\/02\/C\u00e9line02-332x332.jpg 332w, https:\/\/www.cvce.ch\/wp\/wp-content\/uploads\/2016\/02\/C\u00e9line02-432x432.jpg 432w, https:\/\/www.cvce.ch\/wp\/wp-content\/uploads\/2016\/02\/C\u00e9line02-268x268.jpg 268w, https:\/\/www.cvce.ch\/wp\/wp-content\/uploads\/2016\/02\/C\u00e9line02.jpg 1024w\" sizes=\"auto, (max-width: 150px) 100vw, 150px\" \/><\/a>\n\t\t\t<\/div>\n\t\t\t\t<figcaption class='wp-caption-text gallery-caption' id='gallery-1-1967'>\n\t\t\t\tC\u00e9line Lang\n\t\t\t\t<\/figcaption><\/figure><figure class='gallery-item'>\n\t\t\t<div class='gallery-icon landscape'>\n\t\t\t\t<a rel='attachment' href='https:\/\/www.cvce.ch\/wp\/wp-content\/uploads\/2016\/02\/GeorgesLosey02.jpg'><img loading=\"lazy\" decoding=\"async\" width=\"150\" height=\"150\" src=\"https:\/\/www.cvce.ch\/wp\/wp-content\/uploads\/2016\/02\/GeorgesLosey02-150x150.jpg\" class=\"attachment-thumbnail size-thumbnail\" alt=\"\" aria-describedby=\"gallery-1-1973\" srcset=\"https:\/\/www.cvce.ch\/wp\/wp-content\/uploads\/2016\/02\/GeorgesLosey02-150x150.jpg 150w, https:\/\/www.cvce.ch\/wp\/wp-content\/uploads\/2016\/02\/GeorgesLosey02-432x432.jpg 432w, https:\/\/www.cvce.ch\/wp\/wp-content\/uploads\/2016\/02\/GeorgesLosey02-268x268.jpg 268w\" sizes=\"auto, (max-width: 150px) 100vw, 150px\" \/><\/a>\n\t\t\t<\/div>\n\t\t\t\t<figcaption class='wp-caption-text gallery-caption' id='gallery-1-1973'>\n\t\t\t\tGeorges Losey\n\t\t\t\t<\/figcaption><\/figure><figure class='gallery-item'>\n\t\t\t<div class='gallery-icon landscape'>\n\t\t\t\t<a rel='attachment' href='https:\/\/www.cvce.ch\/wp\/wp-content\/uploads\/2016\/02\/Georgy-02.jpg'><img loading=\"lazy\" decoding=\"async\" width=\"150\" height=\"150\" src=\"https:\/\/www.cvce.ch\/wp\/wp-content\/uploads\/2016\/02\/Georgy-02-150x150.jpg\" class=\"attachment-thumbnail size-thumbnail\" alt=\"\" aria-describedby=\"gallery-1-1975\" srcset=\"https:\/\/www.cvce.ch\/wp\/wp-content\/uploads\/2016\/02\/Georgy-02-150x150.jpg 150w, https:\/\/www.cvce.ch\/wp\/wp-content\/uploads\/2016\/02\/Georgy-02-432x432.jpg 432w, https:\/\/www.cvce.ch\/wp\/wp-content\/uploads\/2016\/02\/Georgy-02-268x268.jpg 268w\" sizes=\"auto, (max-width: 150px) 100vw, 150px\" \/><\/a>\n\t\t\t<\/div>\n\t\t\t\t<figcaption class='wp-caption-text gallery-caption' id='gallery-1-1975'>\n\t\t\t\tGeorgy Chassot\n\t\t\t\t<\/figcaption><\/figure><figure class='gallery-item'>\n\t\t\t<div class='gallery-icon landscape'>\n\t\t\t\t<a rel='attachment' href='https:\/\/www.cvce.ch\/wp\/wp-content\/uploads\/2016\/02\/Christian02.jpg'><img loading=\"lazy\" decoding=\"async\" width=\"150\" height=\"150\" src=\"https:\/\/www.cvce.ch\/wp\/wp-content\/uploads\/2016\/02\/Christian02-150x150.jpg\" class=\"attachment-thumbnail size-thumbnail\" alt=\"\" aria-describedby=\"gallery-1-1969\" srcset=\"https:\/\/www.cvce.ch\/wp\/wp-content\/uploads\/2016\/02\/Christian02-150x150.jpg 150w, https:\/\/www.cvce.ch\/wp\/wp-content\/uploads\/2016\/02\/Christian02-432x432.jpg 432w, https:\/\/www.cvce.ch\/wp\/wp-content\/uploads\/2016\/02\/Christian02-268x268.jpg 268w\" sizes=\"auto, (max-width: 150px) 100vw, 150px\" \/><\/a>\n\t\t\t<\/div>\n\t\t\t\t<figcaption class='wp-caption-text gallery-caption' id='gallery-1-1969'>\n\t\t\t\tChristian Rey\n\t\t\t\t<\/figcaption><\/figure><figure class='gallery-item'>\n\t\t\t<div class='gallery-icon landscape'>\n\t\t\t\t<a rel='attachment' href='https:\/\/www.cvce.ch\/wp\/wp-content\/uploads\/2016\/02\/Claudio-Gazzolanb1.jpg'><img loading=\"lazy\" decoding=\"async\" width=\"150\" height=\"150\" src=\"https:\/\/www.cvce.ch\/wp\/wp-content\/uploads\/2016\/02\/Claudio-Gazzolanb1-150x150.jpg\" class=\"attachment-thumbnail size-thumbnail\" alt=\"\" aria-describedby=\"gallery-1-1970\" srcset=\"https:\/\/www.cvce.ch\/wp\/wp-content\/uploads\/2016\/02\/Claudio-Gazzolanb1-150x150.jpg 150w, https:\/\/www.cvce.ch\/wp\/wp-content\/uploads\/2016\/02\/Claudio-Gazzolanb1-300x300.jpg 300w, https:\/\/www.cvce.ch\/wp\/wp-content\/uploads\/2016\/02\/Claudio-Gazzolanb1-768x768.jpg 768w, https:\/\/www.cvce.ch\/wp\/wp-content\/uploads\/2016\/02\/Claudio-Gazzolanb1-700x700.jpg 700w, https:\/\/www.cvce.ch\/wp\/wp-content\/uploads\/2016\/02\/Claudio-Gazzolanb1-332x332.jpg 332w, https:\/\/www.cvce.ch\/wp\/wp-content\/uploads\/2016\/02\/Claudio-Gazzolanb1-432x432.jpg 432w, https:\/\/www.cvce.ch\/wp\/wp-content\/uploads\/2016\/02\/Claudio-Gazzolanb1-268x268.jpg 268w, https:\/\/www.cvce.ch\/wp\/wp-content\/uploads\/2016\/02\/Claudio-Gazzolanb1.jpg 1024w\" sizes=\"auto, (max-width: 150px) 100vw, 150px\" \/><\/a>\n\t\t\t<\/div>\n\t\t\t\t<figcaption class='wp-caption-text gallery-caption' id='gallery-1-1970'>\n\t\t\t\tClaudio Gazzola\n\t\t\t\t<\/figcaption><\/figure><figure class='gallery-item'>\n\t\t\t<div class='gallery-icon landscape'>\n\t\t\t\t<a rel='attachment' href='https:\/\/www.cvce.ch\/wp\/wp-content\/uploads\/2016\/02\/Johann-Corminboeuf-Concour-f\u00e9vrier.2.jpg'><img loading=\"lazy\" decoding=\"async\" width=\"150\" height=\"150\" src=\"https:\/\/www.cvce.ch\/wp\/wp-content\/uploads\/2016\/02\/Johann-Corminboeuf-Concour-f\u00e9vrier.2-150x150.jpg\" class=\"attachment-thumbnail size-thumbnail\" alt=\"\" aria-describedby=\"gallery-1-1959\" srcset=\"https:\/\/www.cvce.ch\/wp\/wp-content\/uploads\/2016\/02\/Johann-Corminboeuf-Concour-f\u00e9vrier.2-150x150.jpg 150w, https:\/\/www.cvce.ch\/wp\/wp-content\/uploads\/2016\/02\/Johann-Corminboeuf-Concour-f\u00e9vrier.2-432x432.jpg 432w, https:\/\/www.cvce.ch\/wp\/wp-content\/uploads\/2016\/02\/Johann-Corminboeuf-Concour-f\u00e9vrier.2-268x268.jpg 268w\" sizes=\"auto, (max-width: 150px) 100vw, 150px\" \/><\/a>\n\t\t\t<\/div>\n\t\t\t\t<figcaption class='wp-caption-text gallery-caption' id='gallery-1-1959'>\n\t\t\t\tJohann Corminboeuf\n\t\t\t\t<\/figcaption><\/figure><figure class='gallery-item'>\n\t\t\t<div class='gallery-icon landscape'>\n\t\t\t\t<a rel='attachment' href='https:\/\/www.cvce.ch\/wp\/wp-content\/uploads\/2016\/02\/Jean-Claude-BertschyConcoursFevrier_001.jpg'><img loading=\"lazy\" decoding=\"async\" width=\"150\" height=\"150\" src=\"https:\/\/www.cvce.ch\/wp\/wp-content\/uploads\/2016\/02\/Jean-Claude-BertschyConcoursFevrier_001-150x150.jpg\" class=\"attachment-thumbnail size-thumbnail\" alt=\"\" aria-describedby=\"gallery-1-1978\" srcset=\"https:\/\/www.cvce.ch\/wp\/wp-content\/uploads\/2016\/02\/Jean-Claude-BertschyConcoursFevrier_001-150x150.jpg 150w, https:\/\/www.cvce.ch\/wp\/wp-content\/uploads\/2016\/02\/Jean-Claude-BertschyConcoursFevrier_001-432x432.jpg 432w, https:\/\/www.cvce.ch\/wp\/wp-content\/uploads\/2016\/02\/Jean-Claude-BertschyConcoursFevrier_001-268x268.jpg 268w\" sizes=\"auto, (max-width: 150px) 100vw, 150px\" \/><\/a>\n\t\t\t<\/div>\n\t\t\t\t<figcaption class='wp-caption-text gallery-caption' id='gallery-1-1978'>\n\t\t\t\tJean-Claude Bertschy\n\t\t\t\t<\/figcaption><\/figure><figure class='gallery-item'>\n\t\t\t<div class='gallery-icon landscape'>\n\t\t\t\t<a rel='attachment' href='https:\/\/www.cvce.ch\/wp\/wp-content\/uploads\/2016\/02\/Jean-Fran\u00e7oisH\u00e4mmerliconcoursf\u00e9vrier_001.jpg'><img loading=\"lazy\" decoding=\"async\" width=\"150\" height=\"150\" src=\"https:\/\/www.cvce.ch\/wp\/wp-content\/uploads\/2016\/02\/Jean-Fran\u00e7oisH\u00e4mmerliconcoursf\u00e9vrier_001-150x150.jpg\" class=\"attachment-thumbnail size-thumbnail\" alt=\"\" aria-describedby=\"gallery-1-1980\" srcset=\"https:\/\/www.cvce.ch\/wp\/wp-content\/uploads\/2016\/02\/Jean-Fran\u00e7oisH\u00e4mmerliconcoursf\u00e9vrier_001-150x150.jpg 150w, https:\/\/www.cvce.ch\/wp\/wp-content\/uploads\/2016\/02\/Jean-Fran\u00e7oisH\u00e4mmerliconcoursf\u00e9vrier_001-432x432.jpg 432w, https:\/\/www.cvce.ch\/wp\/wp-content\/uploads\/2016\/02\/Jean-Fran\u00e7oisH\u00e4mmerliconcoursf\u00e9vrier_001-268x268.jpg 268w\" sizes=\"auto, (max-width: 150px) 100vw, 150px\" \/><\/a>\n\t\t\t<\/div>\n\t\t\t\t<figcaption class='wp-caption-text gallery-caption' id='gallery-1-1980'>\n\t\t\t\tJean.Fran\u00e7ois Hammerli\n\t\t\t\t<\/figcaption><\/figure><figure class='gallery-item'>\n\t\t\t<div class='gallery-icon portrait'>\n\t\t\t\t<a rel='attachment' href='https:\/\/www.cvce.ch\/wp\/wp-content\/uploads\/2016\/02\/Herv\u00e9_01.jpg'><img loading=\"lazy\" decoding=\"async\" width=\"150\" height=\"150\" src=\"https:\/\/www.cvce.ch\/wp\/wp-content\/uploads\/2016\/02\/Herv\u00e9_01-150x150.jpg\" class=\"attachment-thumbnail size-thumbnail\" alt=\"\" aria-describedby=\"gallery-1-1976\" srcset=\"https:\/\/www.cvce.ch\/wp\/wp-content\/uploads\/2016\/02\/Herv\u00e9_01-150x150.jpg 150w, https:\/\/www.cvce.ch\/wp\/wp-content\/uploads\/2016\/02\/Herv\u00e9_01-432x432.jpg 432w, https:\/\/www.cvce.ch\/wp\/wp-content\/uploads\/2016\/02\/Herv\u00e9_01-268x268.jpg 268w\" sizes=\"auto, (max-width: 150px) 100vw, 150px\" \/><\/a>\n\t\t\t<\/div>\n\t\t\t\t<figcaption class='wp-caption-text gallery-caption' id='gallery-1-1976'>\n\t\t\t\tHerv\u00e9 Galeuchet\n\t\t\t\t<\/figcaption><\/figure><figure class='gallery-item'>\n\t\t\t<div class='gallery-icon landscape'>\n\t\t\t\t<a rel='attachment' href='https:\/\/www.cvce.ch\/wp\/wp-content\/uploads\/2016\/02\/OlivierRapinConcoursFevrier_001.jpg'><img loading=\"lazy\" decoding=\"async\" width=\"150\" height=\"150\" src=\"https:\/\/www.cvce.ch\/wp\/wp-content\/uploads\/2016\/02\/OlivierRapinConcoursFevrier_001-150x150.jpg\" class=\"attachment-thumbnail size-thumbnail\" alt=\"\" aria-describedby=\"gallery-1-1962\" srcset=\"https:\/\/www.cvce.ch\/wp\/wp-content\/uploads\/2016\/02\/OlivierRapinConcoursFevrier_001-150x150.jpg 150w, https:\/\/www.cvce.ch\/wp\/wp-content\/uploads\/2016\/02\/OlivierRapinConcoursFevrier_001-432x432.jpg 432w, https:\/\/www.cvce.ch\/wp\/wp-content\/uploads\/2016\/02\/OlivierRapinConcoursFevrier_001-268x268.jpg 268w\" sizes=\"auto, (max-width: 150px) 100vw, 150px\" \/><\/a>\n\t\t\t<\/div>\n\t\t\t\t<figcaption class='wp-caption-text gallery-caption' id='gallery-1-1962'>\n\t\t\t\tOlivier Rapin\n\t\t\t\t<\/figcaption><\/figure><figure class='gallery-item'>\n\t\t\t<div class='gallery-icon landscape'>\n\t\t\t\t<a rel='attachment' href='https:\/\/www.cvce.ch\/wp\/wp-content\/uploads\/2016\/02\/Christian01.jpg'><img loading=\"lazy\" decoding=\"async\" width=\"150\" height=\"150\" src=\"https:\/\/www.cvce.ch\/wp\/wp-content\/uploads\/2016\/02\/Christian01-150x150.jpg\" class=\"attachment-thumbnail size-thumbnail\" alt=\"\" aria-describedby=\"gallery-1-1968\" srcset=\"https:\/\/www.cvce.ch\/wp\/wp-content\/uploads\/2016\/02\/Christian01-150x150.jpg 150w, https:\/\/www.cvce.ch\/wp\/wp-content\/uploads\/2016\/02\/Christian01-432x432.jpg 432w, https:\/\/www.cvce.ch\/wp\/wp-content\/uploads\/2016\/02\/Christian01-268x268.jpg 268w\" sizes=\"auto, (max-width: 150px) 100vw, 150px\" \/><\/a>\n\t\t\t<\/div>\n\t\t\t\t<figcaption class='wp-caption-text gallery-caption' id='gallery-1-1968'>\n\t\t\t\tChristian Rey\n\t\t\t\t<\/figcaption><\/figure><figure class='gallery-item'>\n\t\t\t<div class='gallery-icon portrait'>\n\t\t\t\t<a rel='attachment' href='https:\/\/www.cvce.ch\/wp\/wp-content\/uploads\/2016\/02\/Ren\u00e9e01.jpg'><img loading=\"lazy\" decoding=\"async\" width=\"150\" height=\"150\" src=\"https:\/\/www.cvce.ch\/wp\/wp-content\/uploads\/2016\/02\/Ren\u00e9e01-150x150.jpg\" class=\"attachment-thumbnail size-thumbnail\" alt=\"\" aria-describedby=\"gallery-1-1964\" srcset=\"https:\/\/www.cvce.ch\/wp\/wp-content\/uploads\/2016\/02\/Ren\u00e9e01-150x150.jpg 150w, https:\/\/www.cvce.ch\/wp\/wp-content\/uploads\/2016\/02\/Ren\u00e9e01-432x432.jpg 432w, https:\/\/www.cvce.ch\/wp\/wp-content\/uploads\/2016\/02\/Ren\u00e9e01-268x268.jpg 268w\" sizes=\"auto, (max-width: 150px) 100vw, 150px\" \/><\/a>\n\t\t\t<\/div>\n\t\t\t\t<figcaption class='wp-caption-text gallery-caption' id='gallery-1-1964'>\n\t\t\t\tRen\u00e9e Fillon\n\t\t\t\t<\/figcaption><\/figure><figure class='gallery-item'>\n\t\t\t<div class='gallery-icon portrait'>\n\t\t\t\t<a rel='attachment' href='https:\/\/www.cvce.ch\/wp\/wp-content\/uploads\/2016\/02\/Johny-f\u00e9v-201601.jpg'><img loading=\"lazy\" decoding=\"async\" width=\"150\" height=\"150\" src=\"https:\/\/www.cvce.ch\/wp\/wp-content\/uploads\/2016\/02\/Johny-f\u00e9v-201601-150x150.jpg\" class=\"attachment-thumbnail size-thumbnail\" alt=\"\" aria-describedby=\"gallery-1-1960\" srcset=\"https:\/\/www.cvce.ch\/wp\/wp-content\/uploads\/2016\/02\/Johny-f\u00e9v-201601-150x150.jpg 150w, https:\/\/www.cvce.ch\/wp\/wp-content\/uploads\/2016\/02\/Johny-f\u00e9v-201601-432x432.jpg 432w, https:\/\/www.cvce.ch\/wp\/wp-content\/uploads\/2016\/02\/Johny-f\u00e9v-201601-268x268.jpg 268w\" sizes=\"auto, (max-width: 150px) 100vw, 150px\" \/><\/a>\n\t\t\t<\/div>\n\t\t\t\t<figcaption class='wp-caption-text gallery-caption' id='gallery-1-1960'>\n\t\t\t\tJohny Rappit\n\t\t\t\t<\/figcaption><\/figure><figure class='gallery-item'>\n\t\t\t<div class='gallery-icon landscape'>\n\t\t\t\t<a rel='attachment' href='https:\/\/www.cvce.ch\/wp\/wp-content\/uploads\/2016\/02\/GeorgesLosey01.jpg'><img loading=\"lazy\" decoding=\"async\" width=\"150\" height=\"150\" src=\"https:\/\/www.cvce.ch\/wp\/wp-content\/uploads\/2016\/02\/GeorgesLosey01-150x150.jpg\" class=\"attachment-thumbnail size-thumbnail\" alt=\"\" aria-describedby=\"gallery-1-1972\" srcset=\"https:\/\/www.cvce.ch\/wp\/wp-content\/uploads\/2016\/02\/GeorgesLosey01-150x150.jpg 150w, https:\/\/www.cvce.ch\/wp\/wp-content\/uploads\/2016\/02\/GeorgesLosey01-432x432.jpg 432w, https:\/\/www.cvce.ch\/wp\/wp-content\/uploads\/2016\/02\/GeorgesLosey01-268x268.jpg 268w\" sizes=\"auto, (max-width: 150px) 100vw, 150px\" \/><\/a>\n\t\t\t<\/div>\n\t\t\t\t<figcaption class='wp-caption-text gallery-caption' id='gallery-1-1972'>\n\t\t\t\tGeorges Losey\n\t\t\t\t<\/figcaption><\/figure><figure class='gallery-item'>\n\t\t\t<div class='gallery-icon landscape'>\n\t\t\t\t<a rel='attachment' href='https:\/\/www.cvce.ch\/wp\/wp-content\/uploads\/2016\/02\/OlivierRapinConcoursFevrier_003.jpg'><img loading=\"lazy\" decoding=\"async\" width=\"150\" height=\"150\" src=\"https:\/\/www.cvce.ch\/wp\/wp-content\/uploads\/2016\/02\/OlivierRapinConcoursFevrier_003-150x150.jpg\" class=\"attachment-thumbnail size-thumbnail\" alt=\"\" aria-describedby=\"gallery-1-1963\" srcset=\"https:\/\/www.cvce.ch\/wp\/wp-content\/uploads\/2016\/02\/OlivierRapinConcoursFevrier_003-150x150.jpg 150w, https:\/\/www.cvce.ch\/wp\/wp-content\/uploads\/2016\/02\/OlivierRapinConcoursFevrier_003-432x432.jpg 432w, https:\/\/www.cvce.ch\/wp\/wp-content\/uploads\/2016\/02\/OlivierRapinConcoursFevrier_003-268x268.jpg 268w\" sizes=\"auto, (max-width: 150px) 100vw, 150px\" \/><\/a>\n\t\t\t<\/div>\n\t\t\t\t<figcaption class='wp-caption-text gallery-caption' id='gallery-1-1963'>\n\t\t\t\tOlivier Rapin\n\t\t\t\t<\/figcaption><\/figure><figure class='gallery-item'>\n\t\t\t<div class='gallery-icon landscape'>\n\t\t\t\t<a rel='attachment' href='https:\/\/www.cvce.ch\/wp\/wp-content\/uploads\/2016\/02\/Johny-f\u00e9v-201602.jpg'><img loading=\"lazy\" decoding=\"async\" width=\"150\" height=\"150\" src=\"https:\/\/www.cvce.ch\/wp\/wp-content\/uploads\/2016\/02\/Johny-f\u00e9v-201602-150x150.jpg\" class=\"attachment-thumbnail size-thumbnail\" alt=\"\" aria-describedby=\"gallery-1-1961\" srcset=\"https:\/\/www.cvce.ch\/wp\/wp-content\/uploads\/2016\/02\/Johny-f\u00e9v-201602-150x150.jpg 150w, https:\/\/www.cvce.ch\/wp\/wp-content\/uploads\/2016\/02\/Johny-f\u00e9v-201602-432x432.jpg 432w, https:\/\/www.cvce.ch\/wp\/wp-content\/uploads\/2016\/02\/Johny-f\u00e9v-201602-268x268.jpg 268w\" sizes=\"auto, (max-width: 150px) 100vw, 150px\" \/><\/a>\n\t\t\t<\/div>\n\t\t\t\t<figcaption class='wp-caption-text gallery-caption' id='gallery-1-1961'>\n\t\t\t\tJohny Rappit\n\t\t\t\t<\/figcaption><\/figure><figure class='gallery-item'>\n\t\t\t<div class='gallery-icon landscape'>\n\t\t\t\t<a rel='attachment' href='https:\/\/www.cvce.ch\/wp\/wp-content\/uploads\/2016\/02\/Jean-Claude-BertschyConcoursFevrier_002.jpg'><img loading=\"lazy\" decoding=\"async\" width=\"150\" height=\"150\" src=\"https:\/\/www.cvce.ch\/wp\/wp-content\/uploads\/2016\/02\/Jean-Claude-BertschyConcoursFevrier_002-150x150.jpg\" class=\"attachment-thumbnail size-thumbnail\" alt=\"\" aria-describedby=\"gallery-1-1979\" srcset=\"https:\/\/www.cvce.ch\/wp\/wp-content\/uploads\/2016\/02\/Jean-Claude-BertschyConcoursFevrier_002-150x150.jpg 150w, https:\/\/www.cvce.ch\/wp\/wp-content\/uploads\/2016\/02\/Jean-Claude-BertschyConcoursFevrier_002-432x432.jpg 432w, https:\/\/www.cvce.ch\/wp\/wp-content\/uploads\/2016\/02\/Jean-Claude-BertschyConcoursFevrier_002-268x268.jpg 268w\" sizes=\"auto, (max-width: 150px) 100vw, 150px\" \/><\/a>\n\t\t\t<\/div>\n\t\t\t\t<figcaption class='wp-caption-text gallery-caption' id='gallery-1-1979'>\n\t\t\t\tJean-Claude Bertschy\n\t\t\t\t<\/figcaption><\/figure><figure class='gallery-item'>\n\t\t\t<div class='gallery-icon landscape'>\n\t\t\t\t<a rel='attachment' href='https:\/\/www.cvce.ch\/wp\/wp-content\/uploads\/2016\/02\/Herv\u00e9_02.jpg'><img loading=\"lazy\" decoding=\"async\" width=\"150\" height=\"150\" src=\"https:\/\/www.cvce.ch\/wp\/wp-content\/uploads\/2016\/02\/Herv\u00e9_02-150x150.jpg\" class=\"attachment-thumbnail size-thumbnail\" alt=\"\" aria-describedby=\"gallery-1-1977\" srcset=\"https:\/\/www.cvce.ch\/wp\/wp-content\/uploads\/2016\/02\/Herv\u00e9_02-150x150.jpg 150w, https:\/\/www.cvce.ch\/wp\/wp-content\/uploads\/2016\/02\/Herv\u00e9_02-432x432.jpg 432w, https:\/\/www.cvce.ch\/wp\/wp-content\/uploads\/2016\/02\/Herv\u00e9_02-268x268.jpg 268w\" sizes=\"auto, (max-width: 150px) 100vw, 150px\" \/><\/a>\n\t\t\t<\/div>\n\t\t\t\t<figcaption class='wp-caption-text gallery-caption' id='gallery-1-1977'>\n\t\t\t\tHerv\u00e9 Galeuchet\n\t\t\t\t<\/figcaption><\/figure><figure class='gallery-item'>\n\t\t\t<div class='gallery-icon landscape'>\n\t\t\t\t<a rel='attachment' href='https:\/\/www.cvce.ch\/wp\/wp-content\/uploads\/2016\/02\/C\u00e9line01.jpg'><img loading=\"lazy\" decoding=\"async\" width=\"150\" height=\"150\" src=\"https:\/\/www.cvce.ch\/wp\/wp-content\/uploads\/2016\/02\/C\u00e9line01-150x150.jpg\" class=\"attachment-thumbnail size-thumbnail\" alt=\"\" aria-describedby=\"gallery-1-1966\" srcset=\"https:\/\/www.cvce.ch\/wp\/wp-content\/uploads\/2016\/02\/C\u00e9line01-150x150.jpg 150w, https:\/\/www.cvce.ch\/wp\/wp-content\/uploads\/2016\/02\/C\u00e9line01-300x300.jpg 300w, https:\/\/www.cvce.ch\/wp\/wp-content\/uploads\/2016\/02\/C\u00e9line01-768x768.jpg 768w, https:\/\/www.cvce.ch\/wp\/wp-content\/uploads\/2016\/02\/C\u00e9line01-700x700.jpg 700w, https:\/\/www.cvce.ch\/wp\/wp-content\/uploads\/2016\/02\/C\u00e9line01-332x332.jpg 332w, https:\/\/www.cvce.ch\/wp\/wp-content\/uploads\/2016\/02\/C\u00e9line01-432x432.jpg 432w, https:\/\/www.cvce.ch\/wp\/wp-content\/uploads\/2016\/02\/C\u00e9line01-268x268.jpg 268w, https:\/\/www.cvce.ch\/wp\/wp-content\/uploads\/2016\/02\/C\u00e9line01.jpg 1024w\" sizes=\"auto, (max-width: 150px) 100vw, 150px\" \/><\/a>\n\t\t\t<\/div>\n\t\t\t\t<figcaption class='wp-caption-text gallery-caption' id='gallery-1-1966'>\n\t\t\t\tC\u00e9line Lang\n\t\t\t\t<\/figcaption><\/figure><figure class='gallery-item'>\n\t\t\t<div class='gallery-icon portrait'>\n\t\t\t\t<a rel='attachment' href='https:\/\/www.cvce.ch\/wp\/wp-content\/uploads\/2016\/02\/Jean-Fran\u00e7oisH\u00e4mmerliconcoursf\u00e9vrier_002.jpg'><img loading=\"lazy\" decoding=\"async\" width=\"150\" height=\"150\" src=\"https:\/\/www.cvce.ch\/wp\/wp-content\/uploads\/2016\/02\/Jean-Fran\u00e7oisH\u00e4mmerliconcoursf\u00e9vrier_002-150x150.jpg\" class=\"attachment-thumbnail size-thumbnail\" alt=\"\" aria-describedby=\"gallery-1-1981\" srcset=\"https:\/\/www.cvce.ch\/wp\/wp-content\/uploads\/2016\/02\/Jean-Fran\u00e7oisH\u00e4mmerliconcoursf\u00e9vrier_002-150x150.jpg 150w, https:\/\/www.cvce.ch\/wp\/wp-content\/uploads\/2016\/02\/Jean-Fran\u00e7oisH\u00e4mmerliconcoursf\u00e9vrier_002-432x432.jpg 432w, https:\/\/www.cvce.ch\/wp\/wp-content\/uploads\/2016\/02\/Jean-Fran\u00e7oisH\u00e4mmerliconcoursf\u00e9vrier_002-268x268.jpg 268w\" sizes=\"auto, (max-width: 150px) 100vw, 150px\" \/><\/a>\n\t\t\t<\/div>\n\t\t\t\t<figcaption class='wp-caption-text gallery-caption' id='gallery-1-1981'>\n\t\t\t\tJean.Fran\u00e7ois Hammerli\n\t\t\t\t<\/figcaption><\/figure><figure class='gallery-item'>\n\t\t\t<div class='gallery-icon portrait'>\n\t\t\t\t<a rel='attachment' href='https:\/\/www.cvce.ch\/wp\/wp-content\/uploads\/2016\/02\/Ren\u00e9e02.jpg'><img loading=\"lazy\" decoding=\"async\" width=\"150\" height=\"150\" src=\"https:\/\/www.cvce.ch\/wp\/wp-content\/uploads\/2016\/02\/Ren\u00e9e02-150x150.jpg\" class=\"attachment-thumbnail size-thumbnail\" alt=\"\" aria-describedby=\"gallery-1-1965\" srcset=\"https:\/\/www.cvce.ch\/wp\/wp-content\/uploads\/2016\/02\/Ren\u00e9e02-150x150.jpg 150w, https:\/\/www.cvce.ch\/wp\/wp-content\/uploads\/2016\/02\/Ren\u00e9e02-432x432.jpg 432w, https:\/\/www.cvce.ch\/wp\/wp-content\/uploads\/2016\/02\/Ren\u00e9e02-268x268.jpg 268w\" sizes=\"auto, (max-width: 150px) 100vw, 150px\" \/><\/a>\n\t\t\t<\/div>\n\t\t\t\t<figcaption class='wp-caption-text gallery-caption' id='gallery-1-1965'>\n\t\t\t\tRen\u00e9e Fillon\n\t\t\t\t<\/figcaption><\/figure><figure class='gallery-item'>\n\t\t\t<div class='gallery-icon landscape'>\n\t\t\t\t<a rel='attachment' href='https:\/\/www.cvce.ch\/wp\/wp-content\/uploads\/2016\/02\/Claudio-Gazzolanb2.jpg'><img loading=\"lazy\" decoding=\"async\" width=\"150\" height=\"150\" src=\"https:\/\/www.cvce.ch\/wp\/wp-content\/uploads\/2016\/02\/Claudio-Gazzolanb2-150x150.jpg\" class=\"attachment-thumbnail size-thumbnail\" alt=\"\" aria-describedby=\"gallery-1-1971\" srcset=\"https:\/\/www.cvce.ch\/wp\/wp-content\/uploads\/2016\/02\/Claudio-Gazzolanb2-150x150.jpg 150w, https:\/\/www.cvce.ch\/wp\/wp-content\/uploads\/2016\/02\/Claudio-Gazzolanb2-300x300.jpg 300w, https:\/\/www.cvce.ch\/wp\/wp-content\/uploads\/2016\/02\/Claudio-Gazzolanb2-768x768.jpg 768w, https:\/\/www.cvce.ch\/wp\/wp-content\/uploads\/2016\/02\/Claudio-Gazzolanb2-700x700.jpg 700w, https:\/\/www.cvce.ch\/wp\/wp-content\/uploads\/2016\/02\/Claudio-Gazzolanb2-332x332.jpg 332w, https:\/\/www.cvce.ch\/wp\/wp-content\/uploads\/2016\/02\/Claudio-Gazzolanb2-432x432.jpg 432w, https:\/\/www.cvce.ch\/wp\/wp-content\/uploads\/2016\/02\/Claudio-Gazzolanb2-268x268.jpg 268w, https:\/\/www.cvce.ch\/wp\/wp-content\/uploads\/2016\/02\/Claudio-Gazzolanb2.jpg 1024w\" sizes=\"auto, (max-width: 150px) 100vw, 150px\" \/><\/a>\n\t\t\t<\/div>\n\t\t\t\t<figcaption class='wp-caption-text gallery-caption' id='gallery-1-1971'>\n\t\t\t\tClaudio Gazzola\n\t\t\t\t<\/figcaption><\/figure>\n\t\t<\/div>\n\n","protected":false},"excerpt":{"rendered":"<p>Th\u00e8me du concours : Contre-jour en noir et blanc Classement: Johny Rappit Georges Losey Olivier Rapin<\/p>\n","protected":false},"author":3,"featured_media":1961,"comment_status":"open","ping_status":"open","sticky":false,"template":"","format":"standard","meta":{"footnotes":""},"categories":[5],"tags":[110,79,113,114],"class_list":["post-1956","post","type-post","status-publish","format-standard","has-post-thumbnail","hentry","category-concours","tag-110","tag-concours-photo","tag-contre-jour","tag-noir-et-blanc","column","fourcol","has-thumbnail"],"_links":{"self":[{"href":"https:\/\/www.cvce.ch\/wp\/wp-json\/wp\/v2\/posts\/1956","targetHints":{"allow":["GET"]}}],"collection":[{"href":"https:\/\/www.cvce.ch\/wp\/wp-json\/wp\/v2\/posts"}],"about":[{"href":"https:\/\/www.cvce.ch\/wp\/wp-json\/wp\/v2\/types\/post"}],"author":[{"embeddable":true,"href":"https:\/\/www.cvce.ch\/wp\/wp-json\/wp\/v2\/users\/3"}],"replies":[{"embeddable":true,"href":"https:\/\/www.cvce.ch\/wp\/wp-json\/wp\/v2\/comments?post=1956"}],"version-history":[{"count":3,"href":"https:\/\/www.cvce.ch\/wp\/wp-json\/wp\/v2\/posts\/1956\/revisions"}],"predecessor-version":[{"id":1983,"href":"https:\/\/www.cvce.ch\/wp\/wp-json\/wp\/v2\/posts\/1956\/revisions\/1983"}],"wp:featuredmedia":[{"embeddable":true,"href":"https:\/\/www.cvce.ch\/wp\/wp-json\/wp\/v2\/media\/1961"}],"wp:attachment":[{"href":"https:\/\/www.cvce.ch\/wp\/wp-json\/wp\/v2\/media?parent=1956"}],"wp:term":[{"taxonomy":"category","embeddable":true,"href":"https:\/\/www.cvce.ch\/wp\/wp-json\/wp\/v2\/categories?post=1956"},{"taxonomy":"post_tag","embeddable":true,"href":"https:\/\/www.cvce.ch\/wp\/wp-json\/wp\/v2\/tags?post=1956"}],"curies":[{"name":"wp","href":"https:\/\/api.w.org\/{rel}","templated":true}]}}