{"id":2162,"date":"2016-05-16T22:07:27","date_gmt":"2016-05-16T20:07:27","guid":{"rendered":"http:\/\/www.cvce.ch\/wp\/?p=2162"},"modified":"2016-05-23T22:17:41","modified_gmt":"2016-05-23T20:17:41","slug":"sortie-photo-aux-paccots","status":"publish","type":"post","link":"https:\/\/www.cvce.ch\/wp\/2016\/05\/sortie-photo-aux-paccots\/","title":{"rendered":"Sortie photo aux Paccots"},"content":{"rendered":"<p>16 mai 2016: sortie Narcisses aux Paccots, mais les 2 derni\u00e8res semaines de mauvais temps et\u00a0le retour du froid ont stopp\u00e9 la v\u00e9g\u00e9tation en altitude. Nous ne verrons que quelques boutons de Narcisses,\u00a0heureusement d&rsquo;autres fleurs nous ont permis de sortir nos appareils.<\/p>\n<div id='gallery-1' class='gallery galleryid-2162 gallery-columns-4 gallery-size-thumbnail'><figure class='gallery-item'>\n\t\t\t<div class='gallery-icon landscape'>\n\t\t\t\t<a rel='attachment' href='https:\/\/www.cvce.ch\/wp\/wp-content\/uploads\/2016\/05\/IMG_1000-Renoncule-.jpg'><img loading=\"lazy\" decoding=\"async\" width=\"150\" height=\"150\" src=\"https:\/\/www.cvce.ch\/wp\/wp-content\/uploads\/2016\/05\/IMG_1000-Renoncule--150x150.jpg\" class=\"attachment-thumbnail size-thumbnail\" alt=\"\" aria-describedby=\"gallery-1-2174\" srcset=\"https:\/\/www.cvce.ch\/wp\/wp-content\/uploads\/2016\/05\/IMG_1000-Renoncule--150x150.jpg 150w, https:\/\/www.cvce.ch\/wp\/wp-content\/uploads\/2016\/05\/IMG_1000-Renoncule--432x432.jpg 432w, https:\/\/www.cvce.ch\/wp\/wp-content\/uploads\/2016\/05\/IMG_1000-Renoncule--268x268.jpg 268w\" sizes=\"auto, (max-width: 150px) 100vw, 150px\" \/><\/a>\n\t\t\t<\/div>\n\t\t\t\t<figcaption class='wp-caption-text gallery-caption' id='gallery-1-2174'>\n\t\t\t\tRenoncules (Georges)\n\t\t\t\t<\/figcaption><\/figure><figure class='gallery-item'>\n\t\t\t<div class='gallery-icon landscape'>\n\t\t\t\t<a rel='attachment' href='https:\/\/www.cvce.ch\/wp\/wp-content\/uploads\/2016\/05\/DSC02080.jpg'><img loading=\"lazy\" decoding=\"async\" width=\"150\" height=\"150\" src=\"https:\/\/www.cvce.ch\/wp\/wp-content\/uploads\/2016\/05\/DSC02080-150x150.jpg\" class=\"attachment-thumbnail size-thumbnail\" alt=\"\" aria-describedby=\"gallery-1-2172\" srcset=\"https:\/\/www.cvce.ch\/wp\/wp-content\/uploads\/2016\/05\/DSC02080-150x150.jpg 150w, https:\/\/www.cvce.ch\/wp\/wp-content\/uploads\/2016\/05\/DSC02080-432x432.jpg 432w, https:\/\/www.cvce.ch\/wp\/wp-content\/uploads\/2016\/05\/DSC02080-268x268.jpg 268w\" sizes=\"auto, (max-width: 150px) 100vw, 150px\" \/><\/a>\n\t\t\t<\/div>\n\t\t\t\t<figcaption class='wp-caption-text gallery-caption' id='gallery-1-2172'>\n\t\t\t\tYasmine et Juliette\n\t\t\t\t<\/figcaption><\/figure><figure class='gallery-item'>\n\t\t\t<div class='gallery-icon landscape'>\n\t\t\t\t<a rel='attachment' href='https:\/\/www.cvce.ch\/wp\/wp-content\/uploads\/2016\/05\/DSC02079.jpg'><img loading=\"lazy\" decoding=\"async\" width=\"150\" height=\"150\" src=\"https:\/\/www.cvce.ch\/wp\/wp-content\/uploads\/2016\/05\/DSC02079-150x150.jpg\" class=\"attachment-thumbnail size-thumbnail\" alt=\"\" aria-describedby=\"gallery-1-2171\" srcset=\"https:\/\/www.cvce.ch\/wp\/wp-content\/uploads\/2016\/05\/DSC02079-150x150.jpg 150w, https:\/\/www.cvce.ch\/wp\/wp-content\/uploads\/2016\/05\/DSC02079-432x432.jpg 432w, https:\/\/www.cvce.ch\/wp\/wp-content\/uploads\/2016\/05\/DSC02079-268x268.jpg 268w\" sizes=\"auto, (max-width: 150px) 100vw, 150px\" \/><\/a>\n\t\t\t<\/div>\n\t\t\t\t<figcaption class='wp-caption-text gallery-caption' id='gallery-1-2171'>\n\t\t\t\tGeorges\n\t\t\t\t<\/figcaption><\/figure><figure class='gallery-item'>\n\t\t\t<div class='gallery-icon landscape'>\n\t\t\t\t<a rel='attachment' href='https:\/\/www.cvce.ch\/wp\/wp-content\/uploads\/2016\/05\/DSC02073.jpg'><img loading=\"lazy\" decoding=\"async\" width=\"150\" height=\"150\" src=\"https:\/\/www.cvce.ch\/wp\/wp-content\/uploads\/2016\/05\/DSC02073-150x150.jpg\" class=\"attachment-thumbnail size-thumbnail\" alt=\"\" aria-describedby=\"gallery-1-2170\" srcset=\"https:\/\/www.cvce.ch\/wp\/wp-content\/uploads\/2016\/05\/DSC02073-150x150.jpg 150w, https:\/\/www.cvce.ch\/wp\/wp-content\/uploads\/2016\/05\/DSC02073-300x300.jpg 300w, https:\/\/www.cvce.ch\/wp\/wp-content\/uploads\/2016\/05\/DSC02073-768x768.jpg 768w, https:\/\/www.cvce.ch\/wp\/wp-content\/uploads\/2016\/05\/DSC02073-700x700.jpg 700w, https:\/\/www.cvce.ch\/wp\/wp-content\/uploads\/2016\/05\/DSC02073-332x332.jpg 332w, https:\/\/www.cvce.ch\/wp\/wp-content\/uploads\/2016\/05\/DSC02073-432x432.jpg 432w, https:\/\/www.cvce.ch\/wp\/wp-content\/uploads\/2016\/05\/DSC02073-268x268.jpg 268w, https:\/\/www.cvce.ch\/wp\/wp-content\/uploads\/2016\/05\/DSC02073.jpg 1024w\" sizes=\"auto, (max-width: 150px) 100vw, 150px\" \/><\/a>\n\t\t\t<\/div>\n\t\t\t\t<figcaption class='wp-caption-text gallery-caption' id='gallery-1-2170'>\n\t\t\t\tPrimev\u00e8re (Christian)\n\t\t\t\t<\/figcaption><\/figure><figure class='gallery-item'>\n\t\t\t<div class='gallery-icon landscape'>\n\t\t\t\t<a rel='attachment' href='https:\/\/www.cvce.ch\/wp\/wp-content\/uploads\/2016\/05\/DSC02062.jpg'><img loading=\"lazy\" decoding=\"async\" width=\"150\" height=\"150\" src=\"https:\/\/www.cvce.ch\/wp\/wp-content\/uploads\/2016\/05\/DSC02062-150x150.jpg\" class=\"attachment-thumbnail size-thumbnail\" alt=\"\" aria-describedby=\"gallery-1-2169\" srcset=\"https:\/\/www.cvce.ch\/wp\/wp-content\/uploads\/2016\/05\/DSC02062-150x150.jpg 150w, https:\/\/www.cvce.ch\/wp\/wp-content\/uploads\/2016\/05\/DSC02062-300x300.jpg 300w, https:\/\/www.cvce.ch\/wp\/wp-content\/uploads\/2016\/05\/DSC02062-768x768.jpg 768w, https:\/\/www.cvce.ch\/wp\/wp-content\/uploads\/2016\/05\/DSC02062-700x700.jpg 700w, https:\/\/www.cvce.ch\/wp\/wp-content\/uploads\/2016\/05\/DSC02062-332x332.jpg 332w, https:\/\/www.cvce.ch\/wp\/wp-content\/uploads\/2016\/05\/DSC02062-432x432.jpg 432w, https:\/\/www.cvce.ch\/wp\/wp-content\/uploads\/2016\/05\/DSC02062-268x268.jpg 268w, https:\/\/www.cvce.ch\/wp\/wp-content\/uploads\/2016\/05\/DSC02062.jpg 1024w\" sizes=\"auto, (max-width: 150px) 100vw, 150px\" \/><\/a>\n\t\t\t<\/div>\n\t\t\t\t<figcaption class='wp-caption-text gallery-caption' id='gallery-1-2169'>\n\t\t\t\tPopulage des marais (Christian)\n\t\t\t\t<\/figcaption><\/figure><figure class='gallery-item'>\n\t\t\t<div class='gallery-icon landscape'>\n\t\t\t\t<a rel='attachment' href='https:\/\/www.cvce.ch\/wp\/wp-content\/uploads\/2016\/05\/DSC02056.jpg'><img loading=\"lazy\" decoding=\"async\" width=\"150\" height=\"150\" src=\"https:\/\/www.cvce.ch\/wp\/wp-content\/uploads\/2016\/05\/DSC02056-150x150.jpg\" class=\"attachment-thumbnail size-thumbnail\" alt=\"\" aria-describedby=\"gallery-1-2168\" srcset=\"https:\/\/www.cvce.ch\/wp\/wp-content\/uploads\/2016\/05\/DSC02056-150x150.jpg 150w, https:\/\/www.cvce.ch\/wp\/wp-content\/uploads\/2016\/05\/DSC02056-432x432.jpg 432w, https:\/\/www.cvce.ch\/wp\/wp-content\/uploads\/2016\/05\/DSC02056-268x268.jpg 268w\" sizes=\"auto, (max-width: 150px) 100vw, 150px\" \/><\/a>\n\t\t\t<\/div>\n\t\t\t\t<figcaption class='wp-caption-text gallery-caption' id='gallery-1-2168'>\n\t\t\t\tTrop t\u00f4t pour les narcisses &#8230; !  (Christian)\n\t\t\t\t<\/figcaption><\/figure><figure class='gallery-item'>\n\t\t\t<div class='gallery-icon portrait'>\n\t\t\t\t<a rel='attachment' href='https:\/\/www.cvce.ch\/wp\/wp-content\/uploads\/2016\/05\/998-Henriette-Christian-.jpg'><img loading=\"lazy\" decoding=\"async\" width=\"150\" height=\"150\" src=\"https:\/\/www.cvce.ch\/wp\/wp-content\/uploads\/2016\/05\/998-Henriette-Christian--150x150.jpg\" class=\"attachment-thumbnail size-thumbnail\" alt=\"\" aria-describedby=\"gallery-1-2167\" srcset=\"https:\/\/www.cvce.ch\/wp\/wp-content\/uploads\/2016\/05\/998-Henriette-Christian--150x150.jpg 150w, https:\/\/www.cvce.ch\/wp\/wp-content\/uploads\/2016\/05\/998-Henriette-Christian--432x432.jpg 432w, https:\/\/www.cvce.ch\/wp\/wp-content\/uploads\/2016\/05\/998-Henriette-Christian--268x268.jpg 268w\" sizes=\"auto, (max-width: 150px) 100vw, 150px\" \/><\/a>\n\t\t\t<\/div>\n\t\t\t\t<figcaption class='wp-caption-text gallery-caption' id='gallery-1-2167'>\n\t\t\t\tHenriette et Christian\n\t\t\t\t<\/figcaption><\/figure><figure class='gallery-item'>\n\t\t\t<div class='gallery-icon portrait'>\n\t\t\t\t<a rel='attachment' href='https:\/\/www.cvce.ch\/wp\/wp-content\/uploads\/2016\/05\/997Juliette-Yasmine-.jpg'><img loading=\"lazy\" decoding=\"async\" width=\"150\" height=\"150\" src=\"https:\/\/www.cvce.ch\/wp\/wp-content\/uploads\/2016\/05\/997Juliette-Yasmine--150x150.jpg\" class=\"attachment-thumbnail size-thumbnail\" alt=\"\" aria-describedby=\"gallery-1-2166\" srcset=\"https:\/\/www.cvce.ch\/wp\/wp-content\/uploads\/2016\/05\/997Juliette-Yasmine--150x150.jpg 150w, https:\/\/www.cvce.ch\/wp\/wp-content\/uploads\/2016\/05\/997Juliette-Yasmine--432x432.jpg 432w, https:\/\/www.cvce.ch\/wp\/wp-content\/uploads\/2016\/05\/997Juliette-Yasmine--268x268.jpg 268w\" sizes=\"auto, (max-width: 150px) 100vw, 150px\" \/><\/a>\n\t\t\t<\/div>\n\t\t\t\t<figcaption class='wp-caption-text gallery-caption' id='gallery-1-2166'>\n\t\t\t\tJuliette Yasmine\n\t\t\t\t<\/figcaption><\/figure><figure class='gallery-item'>\n\t\t\t<div class='gallery-icon landscape'>\n\t\t\t\t<a rel='attachment' href='https:\/\/www.cvce.ch\/wp\/wp-content\/uploads\/2016\/05\/993-Henriette-Christian-Juliette-.jpg'><img loading=\"lazy\" decoding=\"async\" width=\"150\" height=\"150\" src=\"https:\/\/www.cvce.ch\/wp\/wp-content\/uploads\/2016\/05\/993-Henriette-Christian-Juliette--150x150.jpg\" class=\"attachment-thumbnail size-thumbnail\" alt=\"\" aria-describedby=\"gallery-1-2165\" srcset=\"https:\/\/www.cvce.ch\/wp\/wp-content\/uploads\/2016\/05\/993-Henriette-Christian-Juliette--150x150.jpg 150w, https:\/\/www.cvce.ch\/wp\/wp-content\/uploads\/2016\/05\/993-Henriette-Christian-Juliette--432x432.jpg 432w, https:\/\/www.cvce.ch\/wp\/wp-content\/uploads\/2016\/05\/993-Henriette-Christian-Juliette--268x268.jpg 268w\" sizes=\"auto, (max-width: 150px) 100vw, 150px\" \/><\/a>\n\t\t\t<\/div>\n\t\t\t\t<figcaption class='wp-caption-text gallery-caption' id='gallery-1-2165'>\n\t\t\t\tHenriette, Christian et  Juliette\n\t\t\t\t<\/figcaption><\/figure><figure class='gallery-item'>\n\t\t\t<div class='gallery-icon landscape'>\n\t\t\t\t<a rel='attachment' href='https:\/\/www.cvce.ch\/wp\/wp-content\/uploads\/2016\/05\/992Sv\u00e9trlava-Juliette-.jpg'><img loading=\"lazy\" decoding=\"async\" width=\"150\" height=\"150\" src=\"https:\/\/www.cvce.ch\/wp\/wp-content\/uploads\/2016\/05\/992Sv\u00e9trlava-Juliette--150x150.jpg\" class=\"attachment-thumbnail size-thumbnail\" alt=\"\" aria-describedby=\"gallery-1-2164\" srcset=\"https:\/\/www.cvce.ch\/wp\/wp-content\/uploads\/2016\/05\/992Sv\u00e9trlava-Juliette--150x150.jpg 150w, https:\/\/www.cvce.ch\/wp\/wp-content\/uploads\/2016\/05\/992Sv\u00e9trlava-Juliette--432x432.jpg 432w, https:\/\/www.cvce.ch\/wp\/wp-content\/uploads\/2016\/05\/992Sv\u00e9trlava-Juliette--268x268.jpg 268w\" sizes=\"auto, (max-width: 150px) 100vw, 150px\" \/><\/a>\n\t\t\t<\/div>\n\t\t\t\t<figcaption class='wp-caption-text gallery-caption' id='gallery-1-2164'>\n\t\t\t\tSv\u00e9tlana et Juliette\n\t\t\t\t<\/figcaption><\/figure><figure class='gallery-item'>\n\t\t\t<div class='gallery-icon landscape'>\n\t\t\t\t<a rel='attachment' href='https:\/\/www.cvce.ch\/wp\/wp-content\/uploads\/2016\/05\/986-Renoncule-\u00e2cre-.jpg'><img loading=\"lazy\" decoding=\"async\" width=\"150\" height=\"150\" src=\"https:\/\/www.cvce.ch\/wp\/wp-content\/uploads\/2016\/05\/986-Renoncule-\u00e2cre--150x150.jpg\" class=\"attachment-thumbnail size-thumbnail\" alt=\"\" aria-describedby=\"gallery-1-2163\" srcset=\"https:\/\/www.cvce.ch\/wp\/wp-content\/uploads\/2016\/05\/986-Renoncule-\u00e2cre--150x150.jpg 150w, https:\/\/www.cvce.ch\/wp\/wp-content\/uploads\/2016\/05\/986-Renoncule-\u00e2cre--432x432.jpg 432w, https:\/\/www.cvce.ch\/wp\/wp-content\/uploads\/2016\/05\/986-Renoncule-\u00e2cre--268x268.jpg 268w\" sizes=\"auto, (max-width: 150px) 100vw, 150px\" \/><\/a>\n\t\t\t<\/div>\n\t\t\t\t<figcaption class='wp-caption-text gallery-caption' id='gallery-1-2163'>\n\t\t\t\tRenoncule \u00e2cre (Georges)\n\t\t\t\t<\/figcaption><\/figure>\n\t\t<\/div>\n\n<p>&nbsp;<\/p>\n","protected":false},"excerpt":{"rendered":"<p>16 mai 2016: sortie Narcisses aux Paccots, mais les 2 derni\u00e8res semaines de mauvais temps et\u00a0le retour du froid ont stopp\u00e9 la v\u00e9g\u00e9tation en altitude. Nous ne verrons que quelques boutons de Narcisses,\u00a0heureusement d&rsquo;autres fleurs nous ont permis de sortir nos appareils. &nbsp;<\/p>\n","protected":false},"author":2,"featured_media":2168,"comment_status":"closed","ping_status":"open","sticky":false,"template":"","format":"standard","meta":{"footnotes":""},"categories":[4],"tags":[110,119,65],"class_list":["post-2162","post","type-post","status-publish","format-standard","has-post-thumbnail","hentry","category-activite","tag-110","tag-macro","tag-sortie-photo","column","fourcol","has-thumbnail"],"_links":{"self":[{"href":"https:\/\/www.cvce.ch\/wp\/wp-json\/wp\/v2\/posts\/2162","targetHints":{"allow":["GET"]}}],"collection":[{"href":"https:\/\/www.cvce.ch\/wp\/wp-json\/wp\/v2\/posts"}],"about":[{"href":"https:\/\/www.cvce.ch\/wp\/wp-json\/wp\/v2\/types\/post"}],"author":[{"embeddable":true,"href":"https:\/\/www.cvce.ch\/wp\/wp-json\/wp\/v2\/users\/2"}],"replies":[{"embeddable":true,"href":"https:\/\/www.cvce.ch\/wp\/wp-json\/wp\/v2\/comments?post=2162"}],"version-history":[{"count":3,"href":"https:\/\/www.cvce.ch\/wp\/wp-json\/wp\/v2\/posts\/2162\/revisions"}],"predecessor-version":[{"id":2177,"href":"https:\/\/www.cvce.ch\/wp\/wp-json\/wp\/v2\/posts\/2162\/revisions\/2177"}],"wp:featuredmedia":[{"embeddable":true,"href":"https:\/\/www.cvce.ch\/wp\/wp-json\/wp\/v2\/media\/2168"}],"wp:attachment":[{"href":"https:\/\/www.cvce.ch\/wp\/wp-json\/wp\/v2\/media?parent=2162"}],"wp:term":[{"taxonomy":"category","embeddable":true,"href":"https:\/\/www.cvce.ch\/wp\/wp-json\/wp\/v2\/categories?post=2162"},{"taxonomy":"post_tag","embeddable":true,"href":"https:\/\/www.cvce.ch\/wp\/wp-json\/wp\/v2\/tags?post=2162"}],"curies":[{"name":"wp","href":"https:\/\/api.w.org\/{rel}","templated":true}]}}