{"id":2893,"date":"2017-05-28T21:45:45","date_gmt":"2017-05-28T19:45:45","guid":{"rendered":"https:\/\/www.cvce.ch\/wp\/?p=2893"},"modified":"2017-05-28T22:01:41","modified_gmt":"2017-05-28T20:01:41","slug":"prolongation-de-lexpo-passe-present","status":"publish","type":"post","link":"https:\/\/www.cvce.ch\/wp\/2017\/05\/prolongation-de-lexpo-passe-present\/","title":{"rendered":"Prolongation de l&rsquo;expo \u00ab\u00a0Le Pass\u00e9 du Pr\u00e9sent\u00a0\u00bb"},"content":{"rendered":"<p>L&rsquo;exposition de photos \u00ab\u00a0Le Pass\u00e9 du Pr\u00e9sent\u00a0\u00bb est prolong\u00e9e \u00e0 la salle de la Grange (Impasse du\u00a0Temple 6\u00a0\u00e0 Estavayer-le-Lac).<\/p>\n<ul>\n<li>Samedi 3 juin 16h30 : visite guid\u00e9e (Rendez-vous devant la salle de la Grange)<\/li>\n<li>Samedi 3 juin 18h00: Vernissage<\/li>\n<li>Ouverture les samedi de 14h \u00e0 18h jusqu&rsquo;au 31 ao\u00fbt.<\/li>\n<li>Il est aussi possible de voir les photos historiques directement dans la ville: voir la page <a href=\"https:\/\/www.cvce.ch\/wp\/2017\/04\/parcours_passepresent\/\">itin\u00e9raires<\/a>.<\/li>\n<\/ul>\n<p><a href=\"https:\/\/www.cvce.ch\/wp\/wp-content\/uploads\/2017\/05\/Affiche_expo_2_gif.gif\"><img loading=\"lazy\" decoding=\"async\" class=\"alignnone size-full wp-image-2894\" src=\"https:\/\/www.cvce.ch\/wp\/wp-content\/uploads\/2017\/05\/Affiche_expo_2_gif.gif\" alt=\"\" width=\"754\" height=\"1094\" data-id=\"2894\" \/><\/a><\/p>\n","protected":false},"excerpt":{"rendered":"<p>L&rsquo;exposition de photos \u00ab\u00a0Le Pass\u00e9 du Pr\u00e9sent\u00a0\u00bb est prolong\u00e9e \u00e0 la salle de la Grange (Impasse du\u00a0Temple 6\u00a0\u00e0 Estavayer-le-Lac). Samedi 3 juin 16h30 : visite guid\u00e9e (Rendez-vous devant la salle de la Grange) Samedi 3 juin 18h00: Vernissage Ouverture les samedi de 14h \u00e0 18h jusqu&rsquo;au 31 ao\u00fbt. Il est &#8230;<\/p>\n","protected":false},"author":2,"featured_media":2894,"comment_status":"closed","ping_status":"open","sticky":false,"template":"","format":"standard","meta":{"footnotes":""},"categories":[4],"tags":[183,188,162,174,98,169],"class_list":["post-2893","post","type-post","status-publish","format-standard","has-post-thumbnail","hentry","category-activite","tag-passe-present","tag-salle-de-la-grange","tag-162","tag-40eme-anniversaire","tag-estavayer-le-lac","tag-exposition","column","fourcol","has-thumbnail"],"_links":{"self":[{"href":"https:\/\/www.cvce.ch\/wp\/wp-json\/wp\/v2\/posts\/2893","targetHints":{"allow":["GET"]}}],"collection":[{"href":"https:\/\/www.cvce.ch\/wp\/wp-json\/wp\/v2\/posts"}],"about":[{"href":"https:\/\/www.cvce.ch\/wp\/wp-json\/wp\/v2\/types\/post"}],"author":[{"embeddable":true,"href":"https:\/\/www.cvce.ch\/wp\/wp-json\/wp\/v2\/users\/2"}],"replies":[{"embeddable":true,"href":"https:\/\/www.cvce.ch\/wp\/wp-json\/wp\/v2\/comments?post=2893"}],"version-history":[{"count":5,"href":"https:\/\/www.cvce.ch\/wp\/wp-json\/wp\/v2\/posts\/2893\/revisions"}],"predecessor-version":[{"id":2899,"href":"https:\/\/www.cvce.ch\/wp\/wp-json\/wp\/v2\/posts\/2893\/revisions\/2899"}],"wp:featuredmedia":[{"embeddable":true,"href":"https:\/\/www.cvce.ch\/wp\/wp-json\/wp\/v2\/media\/2894"}],"wp:attachment":[{"href":"https:\/\/www.cvce.ch\/wp\/wp-json\/wp\/v2\/media?parent=2893"}],"wp:term":[{"taxonomy":"category","embeddable":true,"href":"https:\/\/www.cvce.ch\/wp\/wp-json\/wp\/v2\/categories?post=2893"},{"taxonomy":"post_tag","embeddable":true,"href":"https:\/\/www.cvce.ch\/wp\/wp-json\/wp\/v2\/tags?post=2893"}],"curies":[{"name":"wp","href":"https:\/\/api.w.org\/{rel}","templated":true}]}}