{"id":3979,"date":"2019-01-18T07:22:50","date_gmt":"2019-01-18T06:22:50","guid":{"rendered":"https:\/\/www.cvce.ch\/wp\/?p=3979"},"modified":"2020-10-15T17:28:24","modified_gmt":"2020-10-15T15:28:24","slug":"georges-chassot-vice-president-technique-photo","status":"publish","type":"post","link":"https:\/\/www.cvce.ch\/wp\/2019\/01\/georges-chassot-vice-president-technique-photo\/","title":{"rendered":"Georges Chassot (Vice-pr\u00e9sident + resp. technique photo)"},"content":{"rendered":"\n<figure class=\"wp-block-image\"><img loading=\"lazy\" decoding=\"async\" width=\"1024\" height=\"1009\" src=\"https:\/\/www.cvce.ch\/wp\/wp-content\/uploads\/2019\/01\/IMG_20180413_110511-1024x1009.png\" alt=\"\" class=\"wp-image-3978\" srcset=\"https:\/\/www.cvce.ch\/wp\/wp-content\/uploads\/2019\/01\/IMG_20180413_110511-1024x1009.png 1024w, https:\/\/www.cvce.ch\/wp\/wp-content\/uploads\/2019\/01\/IMG_20180413_110511-300x296.png 300w, https:\/\/www.cvce.ch\/wp\/wp-content\/uploads\/2019\/01\/IMG_20180413_110511-768x757.png 768w, https:\/\/www.cvce.ch\/wp\/wp-content\/uploads\/2019\/01\/IMG_20180413_110511-700x690.png 700w, https:\/\/www.cvce.ch\/wp\/wp-content\/uploads\/2019\/01\/IMG_20180413_110511-332x327.png 332w, https:\/\/www.cvce.ch\/wp\/wp-content\/uploads\/2019\/01\/IMG_20180413_110511.png 1080w\" sizes=\"auto, (max-width: 1024px) 100vw, 1024px\" \/><\/figure>\n\n\n\n<p class=\"wp-block-paragraph\">Georgy Chassot, originaire de Bussy, n\u00e9 le 26 d\u00e9cembre 1960.<\/p>\n\n\n\n<p class=\"wp-block-paragraph\">Depuis plusieurs ann\u00e9es, je suis passionn\u00e9 de photo animali\u00e8re. C&rsquo;est avec plaisir que je me ballade avec mon appareil photo dans la r\u00e9gion du nord vaudois o\u00f9 j&rsquo;habite, plus particuli\u00e8rement au bord du lac de Neuch\u00e2tel et dans le jura o\u00f9 j&rsquo;aime observer la nature .<br>Membre du Comit\u00e9 depuis 2018 en tant que vice-pr\u00e9sident, il a \u00e9galement repris le poste de responsable de la section photo, apr\u00e8s le d\u00e9part d&rsquo;Herv\u00e9 Galeuchet.<\/p>\n","protected":false},"excerpt":{"rendered":"<p>Georgy Chassot, originaire de Bussy, n\u00e9 le 26 d\u00e9cembre 1960. Depuis plusieurs ann\u00e9es, je suis passionn\u00e9 de photo animali\u00e8re. C&rsquo;est avec plaisir que je me ballade avec mon appareil photo dans la r\u00e9gion du nord vaudois o\u00f9 j&rsquo;habite, plus particuli\u00e8rement au bord du lac de Neuch\u00e2tel et dans le jura &#8230;<\/p>\n","protected":false},"author":3,"featured_media":3978,"comment_status":"open","ping_status":"open","sticky":false,"template":"","format":"standard","meta":{"footnotes":""},"categories":[75],"tags":[239,126],"class_list":["post-3979","post","type-post","status-publish","format-standard","has-post-thumbnail","hentry","category-membres","tag-georgy-chassot","tag-membres","column","fourcol","has-thumbnail"],"_links":{"self":[{"href":"https:\/\/www.cvce.ch\/wp\/wp-json\/wp\/v2\/posts\/3979","targetHints":{"allow":["GET"]}}],"collection":[{"href":"https:\/\/www.cvce.ch\/wp\/wp-json\/wp\/v2\/posts"}],"about":[{"href":"https:\/\/www.cvce.ch\/wp\/wp-json\/wp\/v2\/types\/post"}],"author":[{"embeddable":true,"href":"https:\/\/www.cvce.ch\/wp\/wp-json\/wp\/v2\/users\/3"}],"replies":[{"embeddable":true,"href":"https:\/\/www.cvce.ch\/wp\/wp-json\/wp\/v2\/comments?post=3979"}],"version-history":[{"count":6,"href":"https:\/\/www.cvce.ch\/wp\/wp-json\/wp\/v2\/posts\/3979\/revisions"}],"predecessor-version":[{"id":5134,"href":"https:\/\/www.cvce.ch\/wp\/wp-json\/wp\/v2\/posts\/3979\/revisions\/5134"}],"wp:featuredmedia":[{"embeddable":true,"href":"https:\/\/www.cvce.ch\/wp\/wp-json\/wp\/v2\/media\/3978"}],"wp:attachment":[{"href":"https:\/\/www.cvce.ch\/wp\/wp-json\/wp\/v2\/media?parent=3979"}],"wp:term":[{"taxonomy":"category","embeddable":true,"href":"https:\/\/www.cvce.ch\/wp\/wp-json\/wp\/v2\/categories?post=3979"},{"taxonomy":"post_tag","embeddable":true,"href":"https:\/\/www.cvce.ch\/wp\/wp-json\/wp\/v2\/tags?post=3979"}],"curies":[{"name":"wp","href":"https:\/\/api.w.org\/{rel}","templated":true}]}}