{"id":680,"date":"2013-09-20T08:30:11","date_gmt":"2013-09-20T06:30:11","guid":{"rendered":"http:\/\/www.cvce.ch\/wp\/?p=680"},"modified":"2015-08-21T07:32:27","modified_gmt":"2015-08-21T05:32:27","slug":"concours-scene-de-rue-septembre-2013","status":"publish","type":"post","link":"https:\/\/www.cvce.ch\/wp\/2013\/09\/concours-scene-de-rue-septembre-2013\/","title":{"rendered":"Concours \u2013 Sc\u00e8ne de rue \u2013 Septembre 2013"},"content":{"rendered":"<p>Th\u00e8me du concours : <b>Sc\u00e8ne de rue<\/b><\/p>\n<p><a href=\"http:\/\/www.cvce.ch\/wp\/wp-content\/uploads\/2015\/08\/2013-CVCE-septembre-valerie-01.jpg\"><img loading=\"lazy\" decoding=\"async\" class=\"size-medium wp-image-666\" src=\"http:\/\/www.cvce.ch\/wp\/wp-content\/uploads\/2015\/08\/2013-CVCE-septembre-valerie-01-300x122.jpg\" alt=\"SONY DSC\" width=\"300\" height=\"122\" data-id=\"666\" srcset=\"https:\/\/www.cvce.ch\/wp\/wp-content\/uploads\/2015\/08\/2013-CVCE-septembre-valerie-01-300x122.jpg 300w, https:\/\/www.cvce.ch\/wp\/wp-content\/uploads\/2015\/08\/2013-CVCE-septembre-valerie-01.jpg 1024w, https:\/\/www.cvce.ch\/wp\/wp-content\/uploads\/2015\/08\/2013-CVCE-septembre-valerie-01-700x284.jpg 700w, https:\/\/www.cvce.ch\/wp\/wp-content\/uploads\/2015\/08\/2013-CVCE-septembre-valerie-01-332x135.jpg 332w\" sizes=\"auto, (max-width: 300px) 100vw, 300px\" \/><\/a><\/p>\n<p><strong>Classement:<\/strong><\/p>\n<ol>\n<li>Val\u00e9rie Givel<\/li>\n<li>Georges Losey<\/li>\n<li>Svetlana Corth\u00e9sy<\/li>\n<\/ol>\n<div id='gallery-1' class='gallery galleryid-680 gallery-columns-4 gallery-size-thumbnail'><figure class='gallery-item'>\n\t\t\t<div class='gallery-icon portrait'>\n\t\t\t\t<a rel='attachment' href='https:\/\/www.cvce.ch\/wp\/wp-content\/uploads\/2015\/08\/2013-CVCE-claudio-02.jpg'><img loading=\"lazy\" decoding=\"async\" width=\"150\" height=\"150\" src=\"https:\/\/www.cvce.ch\/wp\/wp-content\/uploads\/2015\/08\/2013-CVCE-claudio-02-150x150.jpg\" class=\"attachment-thumbnail size-thumbnail\" alt=\"\" aria-describedby=\"gallery-1-672\" srcset=\"https:\/\/www.cvce.ch\/wp\/wp-content\/uploads\/2015\/08\/2013-CVCE-claudio-02-150x150.jpg 150w, https:\/\/www.cvce.ch\/wp\/wp-content\/uploads\/2015\/08\/2013-CVCE-claudio-02-432x432.jpg 432w, https:\/\/www.cvce.ch\/wp\/wp-content\/uploads\/2015\/08\/2013-CVCE-claudio-02-268x268.jpg 268w\" sizes=\"auto, (max-width: 150px) 100vw, 150px\" \/><\/a>\n\t\t\t<\/div>\n\t\t\t\t<figcaption class='wp-caption-text gallery-caption' id='gallery-1-672'>\n\t\t\t\tClaudio Gazzola\n\t\t\t\t<\/figcaption><\/figure><figure class='gallery-item'>\n\t\t\t<div class='gallery-icon portrait'>\n\t\t\t\t<a rel='attachment' href='https:\/\/www.cvce.ch\/wp\/wp-content\/uploads\/2015\/08\/2013-CVCE-septembre-georgy-02.jpg'><img loading=\"lazy\" decoding=\"async\" width=\"150\" height=\"150\" src=\"https:\/\/www.cvce.ch\/wp\/wp-content\/uploads\/2015\/08\/2013-CVCE-septembre-georgy-02-150x150.jpg\" class=\"attachment-thumbnail size-thumbnail\" alt=\"\" aria-describedby=\"gallery-1-664\" srcset=\"https:\/\/www.cvce.ch\/wp\/wp-content\/uploads\/2015\/08\/2013-CVCE-septembre-georgy-02-150x150.jpg 150w, https:\/\/www.cvce.ch\/wp\/wp-content\/uploads\/2015\/08\/2013-CVCE-septembre-georgy-02-300x300.jpg 300w, https:\/\/www.cvce.ch\/wp\/wp-content\/uploads\/2015\/08\/2013-CVCE-septembre-georgy-02.jpg 1023w, https:\/\/www.cvce.ch\/wp\/wp-content\/uploads\/2015\/08\/2013-CVCE-septembre-georgy-02-700x701.jpg 700w, https:\/\/www.cvce.ch\/wp\/wp-content\/uploads\/2015\/08\/2013-CVCE-septembre-georgy-02-332x332.jpg 332w, https:\/\/www.cvce.ch\/wp\/wp-content\/uploads\/2015\/08\/2013-CVCE-septembre-georgy-02-432x432.jpg 432w, https:\/\/www.cvce.ch\/wp\/wp-content\/uploads\/2015\/08\/2013-CVCE-septembre-georgy-02-268x268.jpg 268w\" sizes=\"auto, (max-width: 150px) 100vw, 150px\" \/><\/a>\n\t\t\t<\/div>\n\t\t\t\t<figcaption class='wp-caption-text gallery-caption' id='gallery-1-664'>\n\t\t\t\tGeorgy Chassot\n\t\t\t\t<\/figcaption><\/figure><figure class='gallery-item'>\n\t\t\t<div class='gallery-icon landscape'>\n\t\t\t\t<a rel='attachment' href='https:\/\/www.cvce.ch\/wp\/wp-content\/uploads\/2015\/08\/2013-CVCE-septembre-valerie-01.jpg'><img loading=\"lazy\" decoding=\"async\" width=\"150\" height=\"150\" src=\"https:\/\/www.cvce.ch\/wp\/wp-content\/uploads\/2015\/08\/2013-CVCE-septembre-valerie-01-150x150.jpg\" class=\"attachment-thumbnail size-thumbnail\" alt=\"\" aria-describedby=\"gallery-1-666\" srcset=\"https:\/\/www.cvce.ch\/wp\/wp-content\/uploads\/2015\/08\/2013-CVCE-septembre-valerie-01-150x150.jpg 150w, https:\/\/www.cvce.ch\/wp\/wp-content\/uploads\/2015\/08\/2013-CVCE-septembre-valerie-01-268x268.jpg 268w\" sizes=\"auto, (max-width: 150px) 100vw, 150px\" \/><\/a>\n\t\t\t<\/div>\n\t\t\t\t<figcaption class='wp-caption-text gallery-caption' id='gallery-1-666'>\n\t\t\t\tVal\u00e9rie Givel\n\t\t\t\t<\/figcaption><\/figure><figure class='gallery-item'>\n\t\t\t<div class='gallery-icon landscape'>\n\t\t\t\t<a rel='attachment' href='https:\/\/www.cvce.ch\/wp\/wp-content\/uploads\/2015\/08\/2013-CVCE-septembre-georgy-01.jpg'><img loading=\"lazy\" decoding=\"async\" width=\"150\" height=\"150\" src=\"https:\/\/www.cvce.ch\/wp\/wp-content\/uploads\/2015\/08\/2013-CVCE-septembre-georgy-01-150x150.jpg\" class=\"attachment-thumbnail size-thumbnail\" alt=\"\" aria-describedby=\"gallery-1-679\" srcset=\"https:\/\/www.cvce.ch\/wp\/wp-content\/uploads\/2015\/08\/2013-CVCE-septembre-georgy-01-150x150.jpg 150w, https:\/\/www.cvce.ch\/wp\/wp-content\/uploads\/2015\/08\/2013-CVCE-septembre-georgy-01-300x300.jpg 300w, https:\/\/www.cvce.ch\/wp\/wp-content\/uploads\/2015\/08\/2013-CVCE-septembre-georgy-01.jpg 1024w, https:\/\/www.cvce.ch\/wp\/wp-content\/uploads\/2015\/08\/2013-CVCE-septembre-georgy-01-700x699.jpg 700w, https:\/\/www.cvce.ch\/wp\/wp-content\/uploads\/2015\/08\/2013-CVCE-septembre-georgy-01-332x332.jpg 332w, https:\/\/www.cvce.ch\/wp\/wp-content\/uploads\/2015\/08\/2013-CVCE-septembre-georgy-01-432x432.jpg 432w, https:\/\/www.cvce.ch\/wp\/wp-content\/uploads\/2015\/08\/2013-CVCE-septembre-georgy-01-268x268.jpg 268w\" sizes=\"auto, (max-width: 150px) 100vw, 150px\" \/><\/a>\n\t\t\t<\/div>\n\t\t\t\t<figcaption class='wp-caption-text gallery-caption' id='gallery-1-679'>\n\t\t\t\tGeorgy Chassot\n\t\t\t\t<\/figcaption><\/figure><figure class='gallery-item'>\n\t\t\t<div class='gallery-icon portrait'>\n\t\t\t\t<a rel='attachment' href='https:\/\/www.cvce.ch\/wp\/wp-content\/uploads\/2015\/08\/2013-CVCE-claudio-03.jpg'><img loading=\"lazy\" decoding=\"async\" width=\"150\" height=\"150\" src=\"https:\/\/www.cvce.ch\/wp\/wp-content\/uploads\/2015\/08\/2013-CVCE-claudio-03-150x150.jpg\" class=\"attachment-thumbnail size-thumbnail\" alt=\"\" aria-describedby=\"gallery-1-673\" srcset=\"https:\/\/www.cvce.ch\/wp\/wp-content\/uploads\/2015\/08\/2013-CVCE-claudio-03-150x150.jpg 150w, https:\/\/www.cvce.ch\/wp\/wp-content\/uploads\/2015\/08\/2013-CVCE-claudio-03-432x432.jpg 432w, https:\/\/www.cvce.ch\/wp\/wp-content\/uploads\/2015\/08\/2013-CVCE-claudio-03-268x268.jpg 268w\" sizes=\"auto, (max-width: 150px) 100vw, 150px\" \/><\/a>\n\t\t\t<\/div>\n\t\t\t\t<figcaption class='wp-caption-text gallery-caption' id='gallery-1-673'>\n\t\t\t\tClaudio Gazzola\n\t\t\t\t<\/figcaption><\/figure><figure class='gallery-item'>\n\t\t\t<div class='gallery-icon landscape'>\n\t\t\t\t<a rel='attachment' href='https:\/\/www.cvce.ch\/wp\/wp-content\/uploads\/2015\/08\/2013-CVCE-jcr-02.jpg'><img loading=\"lazy\" decoding=\"async\" width=\"150\" height=\"150\" src=\"https:\/\/www.cvce.ch\/wp\/wp-content\/uploads\/2015\/08\/2013-CVCE-jcr-02-150x150.jpg\" class=\"attachment-thumbnail size-thumbnail\" alt=\"\" aria-describedby=\"gallery-1-675\" srcset=\"https:\/\/www.cvce.ch\/wp\/wp-content\/uploads\/2015\/08\/2013-CVCE-jcr-02-150x150.jpg 150w, https:\/\/www.cvce.ch\/wp\/wp-content\/uploads\/2015\/08\/2013-CVCE-jcr-02-432x432.jpg 432w, https:\/\/www.cvce.ch\/wp\/wp-content\/uploads\/2015\/08\/2013-CVCE-jcr-02-268x268.jpg 268w\" sizes=\"auto, (max-width: 150px) 100vw, 150px\" \/><\/a>\n\t\t\t<\/div>\n\t\t\t\t<figcaption class='wp-caption-text gallery-caption' id='gallery-1-675'>\n\t\t\t\tJean-Claude Roulin\n\t\t\t\t<\/figcaption><\/figure><figure class='gallery-item'>\n\t\t\t<div class='gallery-icon portrait'>\n\t\t\t\t<a rel='attachment' href='https:\/\/www.cvce.ch\/wp\/wp-content\/uploads\/2015\/08\/2013-CVCE-svetlana-01.jpg'><img loading=\"lazy\" decoding=\"async\" width=\"150\" height=\"150\" src=\"https:\/\/www.cvce.ch\/wp\/wp-content\/uploads\/2015\/08\/2013-CVCE-svetlana-01-150x150.jpg\" class=\"attachment-thumbnail size-thumbnail\" alt=\"\" aria-describedby=\"gallery-1-667\" srcset=\"https:\/\/www.cvce.ch\/wp\/wp-content\/uploads\/2015\/08\/2013-CVCE-svetlana-01-150x150.jpg 150w, https:\/\/www.cvce.ch\/wp\/wp-content\/uploads\/2015\/08\/2013-CVCE-svetlana-01-432x432.jpg 432w, https:\/\/www.cvce.ch\/wp\/wp-content\/uploads\/2015\/08\/2013-CVCE-svetlana-01-268x268.jpg 268w\" sizes=\"auto, (max-width: 150px) 100vw, 150px\" \/><\/a>\n\t\t\t<\/div>\n\t\t\t\t<figcaption class='wp-caption-text gallery-caption' id='gallery-1-667'>\n\t\t\t\tSvetlana Corth\u00e9sy\n\t\t\t\t<\/figcaption><\/figure><figure class='gallery-item'>\n\t\t\t<div class='gallery-icon landscape'>\n\t\t\t\t<a rel='attachment' href='https:\/\/www.cvce.ch\/wp\/wp-content\/uploads\/2015\/08\/2013-CVCE-svetlana-02.jpg'><img loading=\"lazy\" decoding=\"async\" width=\"150\" height=\"150\" src=\"https:\/\/www.cvce.ch\/wp\/wp-content\/uploads\/2015\/08\/2013-CVCE-svetlana-02-150x150.jpg\" class=\"attachment-thumbnail size-thumbnail\" alt=\"\" aria-describedby=\"gallery-1-668\" srcset=\"https:\/\/www.cvce.ch\/wp\/wp-content\/uploads\/2015\/08\/2013-CVCE-svetlana-02-150x150.jpg 150w, https:\/\/www.cvce.ch\/wp\/wp-content\/uploads\/2015\/08\/2013-CVCE-svetlana-02-432x432.jpg 432w, https:\/\/www.cvce.ch\/wp\/wp-content\/uploads\/2015\/08\/2013-CVCE-svetlana-02-268x268.jpg 268w\" sizes=\"auto, (max-width: 150px) 100vw, 150px\" \/><\/a>\n\t\t\t<\/div>\n\t\t\t\t<figcaption class='wp-caption-text gallery-caption' id='gallery-1-668'>\n\t\t\t\tSvetlana Corth\u00e9sy\n\t\t\t\t<\/figcaption><\/figure><figure class='gallery-item'>\n\t\t\t<div class='gallery-icon landscape'>\n\t\t\t\t<a rel='attachment' href='https:\/\/www.cvce.ch\/wp\/wp-content\/uploads\/2015\/08\/2013-CVCE-septembre-georgesL-03.jpg'><img loading=\"lazy\" decoding=\"async\" width=\"150\" height=\"150\" src=\"https:\/\/www.cvce.ch\/wp\/wp-content\/uploads\/2015\/08\/2013-CVCE-septembre-georgesL-03-150x150.jpg\" class=\"attachment-thumbnail size-thumbnail\" alt=\"\" aria-describedby=\"gallery-1-678\" srcset=\"https:\/\/www.cvce.ch\/wp\/wp-content\/uploads\/2015\/08\/2013-CVCE-septembre-georgesL-03-150x150.jpg 150w, https:\/\/www.cvce.ch\/wp\/wp-content\/uploads\/2015\/08\/2013-CVCE-septembre-georgesL-03-432x432.jpg 432w, https:\/\/www.cvce.ch\/wp\/wp-content\/uploads\/2015\/08\/2013-CVCE-septembre-georgesL-03-268x268.jpg 268w\" sizes=\"auto, (max-width: 150px) 100vw, 150px\" \/><\/a>\n\t\t\t<\/div>\n\t\t\t\t<figcaption class='wp-caption-text gallery-caption' id='gallery-1-678'>\n\t\t\t\tGeorges Losey\n\t\t\t\t<\/figcaption><\/figure><figure class='gallery-item'>\n\t\t\t<div class='gallery-icon landscape'>\n\t\t\t\t<a rel='attachment' href='https:\/\/www.cvce.ch\/wp\/wp-content\/uploads\/2015\/08\/2013-CVCE-septembre-georgesL-01.jpg'><img loading=\"lazy\" decoding=\"async\" width=\"150\" height=\"150\" src=\"https:\/\/www.cvce.ch\/wp\/wp-content\/uploads\/2015\/08\/2013-CVCE-septembre-georgesL-01-150x150.jpg\" class=\"attachment-thumbnail size-thumbnail\" alt=\"\" aria-describedby=\"gallery-1-676\" srcset=\"https:\/\/www.cvce.ch\/wp\/wp-content\/uploads\/2015\/08\/2013-CVCE-septembre-georgesL-01-150x150.jpg 150w, https:\/\/www.cvce.ch\/wp\/wp-content\/uploads\/2015\/08\/2013-CVCE-septembre-georgesL-01-432x432.jpg 432w, https:\/\/www.cvce.ch\/wp\/wp-content\/uploads\/2015\/08\/2013-CVCE-septembre-georgesL-01-268x268.jpg 268w\" sizes=\"auto, (max-width: 150px) 100vw, 150px\" \/><\/a>\n\t\t\t<\/div>\n\t\t\t\t<figcaption class='wp-caption-text gallery-caption' id='gallery-1-676'>\n\t\t\t\tGeorges Losey\n\t\t\t\t<\/figcaption><\/figure><figure class='gallery-item'>\n\t\t\t<div class='gallery-icon portrait'>\n\t\t\t\t<a rel='attachment' href='https:\/\/www.cvce.ch\/wp\/wp-content\/uploads\/2015\/08\/2013-CVCE-jcr-01.jpg'><img loading=\"lazy\" decoding=\"async\" width=\"150\" height=\"150\" src=\"https:\/\/www.cvce.ch\/wp\/wp-content\/uploads\/2015\/08\/2013-CVCE-jcr-01-150x150.jpg\" class=\"attachment-thumbnail size-thumbnail\" alt=\"\" aria-describedby=\"gallery-1-674\" srcset=\"https:\/\/www.cvce.ch\/wp\/wp-content\/uploads\/2015\/08\/2013-CVCE-jcr-01-150x150.jpg 150w, https:\/\/www.cvce.ch\/wp\/wp-content\/uploads\/2015\/08\/2013-CVCE-jcr-01-432x432.jpg 432w, https:\/\/www.cvce.ch\/wp\/wp-content\/uploads\/2015\/08\/2013-CVCE-jcr-01-268x268.jpg 268w\" sizes=\"auto, (max-width: 150px) 100vw, 150px\" \/><\/a>\n\t\t\t<\/div>\n\t\t\t\t<figcaption class='wp-caption-text gallery-caption' id='gallery-1-674'>\n\t\t\t\tJean-Claude Roulin\n\t\t\t\t<\/figcaption><\/figure><figure class='gallery-item'>\n\t\t\t<div class='gallery-icon landscape'>\n\t\t\t\t<a rel='attachment' href='https:\/\/www.cvce.ch\/wp\/wp-content\/uploads\/2015\/08\/2013-CVCE-septembre-georgy-03.jpg'><img loading=\"lazy\" decoding=\"async\" width=\"150\" height=\"150\" src=\"https:\/\/www.cvce.ch\/wp\/wp-content\/uploads\/2015\/08\/2013-CVCE-septembre-georgy-03-150x150.jpg\" class=\"attachment-thumbnail size-thumbnail\" alt=\"\" aria-describedby=\"gallery-1-665\" srcset=\"https:\/\/www.cvce.ch\/wp\/wp-content\/uploads\/2015\/08\/2013-CVCE-septembre-georgy-03-150x150.jpg 150w, https:\/\/www.cvce.ch\/wp\/wp-content\/uploads\/2015\/08\/2013-CVCE-septembre-georgy-03-432x432.jpg 432w, https:\/\/www.cvce.ch\/wp\/wp-content\/uploads\/2015\/08\/2013-CVCE-septembre-georgy-03-268x268.jpg 268w\" sizes=\"auto, (max-width: 150px) 100vw, 150px\" \/><\/a>\n\t\t\t<\/div>\n\t\t\t\t<figcaption class='wp-caption-text gallery-caption' id='gallery-1-665'>\n\t\t\t\tGeorgy Chassot\n\t\t\t\t<\/figcaption><\/figure><figure class='gallery-item'>\n\t\t\t<div class='gallery-icon portrait'>\n\t\t\t\t<a rel='attachment' href='https:\/\/www.cvce.ch\/wp\/wp-content\/uploads\/2015\/08\/2013-CVCE-svetlana-03.jpg'><img loading=\"lazy\" decoding=\"async\" width=\"150\" height=\"150\" src=\"https:\/\/www.cvce.ch\/wp\/wp-content\/uploads\/2015\/08\/2013-CVCE-svetlana-03-150x150.jpg\" class=\"attachment-thumbnail size-thumbnail\" alt=\"\" aria-describedby=\"gallery-1-669\" srcset=\"https:\/\/www.cvce.ch\/wp\/wp-content\/uploads\/2015\/08\/2013-CVCE-svetlana-03-150x150.jpg 150w, https:\/\/www.cvce.ch\/wp\/wp-content\/uploads\/2015\/08\/2013-CVCE-svetlana-03-432x432.jpg 432w, https:\/\/www.cvce.ch\/wp\/wp-content\/uploads\/2015\/08\/2013-CVCE-svetlana-03-268x268.jpg 268w\" sizes=\"auto, (max-width: 150px) 100vw, 150px\" \/><\/a>\n\t\t\t<\/div>\n\t\t\t\t<figcaption class='wp-caption-text gallery-caption' id='gallery-1-669'>\n\t\t\t\tSvetlana Corth\u00e9sy\n\t\t\t\t<\/figcaption><\/figure><figure class='gallery-item'>\n\t\t\t<div class='gallery-icon landscape'>\n\t\t\t\t<a rel='attachment' href='https:\/\/www.cvce.ch\/wp\/wp-content\/uploads\/2015\/08\/2013-CVCE-sylvain-01.jpg'><img loading=\"lazy\" decoding=\"async\" width=\"150\" height=\"150\" src=\"https:\/\/www.cvce.ch\/wp\/wp-content\/uploads\/2015\/08\/2013-CVCE-sylvain-01-150x150.jpg\" class=\"attachment-thumbnail size-thumbnail\" alt=\"\" aria-describedby=\"gallery-1-670\" srcset=\"https:\/\/www.cvce.ch\/wp\/wp-content\/uploads\/2015\/08\/2013-CVCE-sylvain-01-150x150.jpg 150w, https:\/\/www.cvce.ch\/wp\/wp-content\/uploads\/2015\/08\/2013-CVCE-sylvain-01-432x432.jpg 432w, https:\/\/www.cvce.ch\/wp\/wp-content\/uploads\/2015\/08\/2013-CVCE-sylvain-01-268x268.jpg 268w\" sizes=\"auto, (max-width: 150px) 100vw, 150px\" \/><\/a>\n\t\t\t<\/div>\n\t\t\t\t<figcaption class='wp-caption-text gallery-caption' id='gallery-1-670'>\n\t\t\t\tSylvain Martin\n\t\t\t\t<\/figcaption><\/figure><figure class='gallery-item'>\n\t\t\t<div class='gallery-icon portrait'>\n\t\t\t\t<a rel='attachment' href='https:\/\/www.cvce.ch\/wp\/wp-content\/uploads\/2015\/08\/2013-CVCE-septembre-georgesL-02.jpg'><img loading=\"lazy\" decoding=\"async\" width=\"150\" height=\"150\" src=\"https:\/\/www.cvce.ch\/wp\/wp-content\/uploads\/2015\/08\/2013-CVCE-septembre-georgesL-02-150x150.jpg\" class=\"attachment-thumbnail size-thumbnail\" alt=\"\" aria-describedby=\"gallery-1-677\" srcset=\"https:\/\/www.cvce.ch\/wp\/wp-content\/uploads\/2015\/08\/2013-CVCE-septembre-georgesL-02-150x150.jpg 150w, https:\/\/www.cvce.ch\/wp\/wp-content\/uploads\/2015\/08\/2013-CVCE-septembre-georgesL-02-432x432.jpg 432w, https:\/\/www.cvce.ch\/wp\/wp-content\/uploads\/2015\/08\/2013-CVCE-septembre-georgesL-02-268x268.jpg 268w\" sizes=\"auto, (max-width: 150px) 100vw, 150px\" \/><\/a>\n\t\t\t<\/div>\n\t\t\t\t<figcaption class='wp-caption-text gallery-caption' id='gallery-1-677'>\n\t\t\t\tGeorges Losey\n\t\t\t\t<\/figcaption><\/figure><figure class='gallery-item'>\n\t\t\t<div class='gallery-icon portrait'>\n\t\t\t\t<a rel='attachment' href='https:\/\/www.cvce.ch\/wp\/wp-content\/uploads\/2015\/08\/2013-CVCE-claudio-01.jpg'><img loading=\"lazy\" decoding=\"async\" width=\"150\" height=\"150\" src=\"https:\/\/www.cvce.ch\/wp\/wp-content\/uploads\/2015\/08\/2013-CVCE-claudio-01-150x150.jpg\" class=\"attachment-thumbnail size-thumbnail\" alt=\"\" aria-describedby=\"gallery-1-671\" srcset=\"https:\/\/www.cvce.ch\/wp\/wp-content\/uploads\/2015\/08\/2013-CVCE-claudio-01-150x150.jpg 150w, https:\/\/www.cvce.ch\/wp\/wp-content\/uploads\/2015\/08\/2013-CVCE-claudio-01-432x432.jpg 432w, https:\/\/www.cvce.ch\/wp\/wp-content\/uploads\/2015\/08\/2013-CVCE-claudio-01-268x268.jpg 268w\" sizes=\"auto, (max-width: 150px) 100vw, 150px\" \/><\/a>\n\t\t\t<\/div>\n\t\t\t\t<figcaption class='wp-caption-text gallery-caption' id='gallery-1-671'>\n\t\t\t\tClaudio Gazzola\n\t\t\t\t<\/figcaption><\/figure>\n\t\t<\/div>\n\n","protected":false},"excerpt":{"rendered":"<p>Th\u00e8me du concours : Sc\u00e8ne de rue Classement: Val\u00e9rie Givel Georges Losey Svetlana Corth\u00e9sy<\/p>\n","protected":false},"author":3,"featured_media":666,"comment_status":"open","ping_status":"open","sticky":false,"template":"","format":"standard","meta":{"footnotes":""},"categories":[5],"tags":[38,79,40,20],"class_list":["post-680","post","type-post","status-publish","format-standard","has-post-thumbnail","hentry","category-concours","tag-38","tag-concours-photo","tag-scene-de-rue","tag-septembre","column","fourcol","has-thumbnail"],"_links":{"self":[{"href":"https:\/\/www.cvce.ch\/wp\/wp-json\/wp\/v2\/posts\/680","targetHints":{"allow":["GET"]}}],"collection":[{"href":"https:\/\/www.cvce.ch\/wp\/wp-json\/wp\/v2\/posts"}],"about":[{"href":"https:\/\/www.cvce.ch\/wp\/wp-json\/wp\/v2\/types\/post"}],"author":[{"embeddable":true,"href":"https:\/\/www.cvce.ch\/wp\/wp-json\/wp\/v2\/users\/3"}],"replies":[{"embeddable":true,"href":"https:\/\/www.cvce.ch\/wp\/wp-json\/wp\/v2\/comments?post=680"}],"version-history":[{"count":1,"href":"https:\/\/www.cvce.ch\/wp\/wp-json\/wp\/v2\/posts\/680\/revisions"}],"predecessor-version":[{"id":682,"href":"https:\/\/www.cvce.ch\/wp\/wp-json\/wp\/v2\/posts\/680\/revisions\/682"}],"wp:featuredmedia":[{"embeddable":true,"href":"https:\/\/www.cvce.ch\/wp\/wp-json\/wp\/v2\/media\/666"}],"wp:attachment":[{"href":"https:\/\/www.cvce.ch\/wp\/wp-json\/wp\/v2\/media?parent=680"}],"wp:term":[{"taxonomy":"category","embeddable":true,"href":"https:\/\/www.cvce.ch\/wp\/wp-json\/wp\/v2\/categories?post=680"},{"taxonomy":"post_tag","embeddable":true,"href":"https:\/\/www.cvce.ch\/wp\/wp-json\/wp\/v2\/tags?post=680"}],"curies":[{"name":"wp","href":"https:\/\/api.w.org\/{rel}","templated":true}]}}