{"id":7092,"date":"2023-12-18T18:12:16","date_gmt":"2023-12-18T17:12:16","guid":{"rendered":"https:\/\/www.cvce.ch\/wp\/?p=7092"},"modified":"2023-12-18T18:15:34","modified_gmt":"2023-12-18T17:15:34","slug":"projection-2023-a-lazimut-destavayer","status":"publish","type":"post","link":"https:\/\/www.cvce.ch\/wp\/2023\/12\/projection-2023-a-lazimut-destavayer\/","title":{"rendered":"Projection 2023 \u00e0 l&rsquo;Azimut d&rsquo;Estavayer"},"content":{"rendered":"\n<p class=\"wp-block-paragraph\">Article du journal et photo \u00ab\u00a0Le R\u00e9publicain\u00a0\u00bb Estavayer-le-Lac par Pauline Manzato:<\/p>\n\n\n\n<figure class=\"wp-block-image size-large\"><a href=\"https:\/\/www.cvce.ch\/wp\/wp-content\/uploads\/2023\/12\/Article_Republicain_1.jpg\"><img loading=\"lazy\" decoding=\"async\" width=\"1024\" height=\"754\" src=\"https:\/\/www.cvce.ch\/wp\/wp-content\/uploads\/2023\/12\/Article_Republicain_1-1024x754.jpg\" alt=\"\" class=\"wp-image-7093\" srcset=\"https:\/\/www.cvce.ch\/wp\/wp-content\/uploads\/2023\/12\/Article_Republicain_1-1024x754.jpg 1024w, https:\/\/www.cvce.ch\/wp\/wp-content\/uploads\/2023\/12\/Article_Republicain_1-300x221.jpg 300w, https:\/\/www.cvce.ch\/wp\/wp-content\/uploads\/2023\/12\/Article_Republicain_1-768x566.jpg 768w, https:\/\/www.cvce.ch\/wp\/wp-content\/uploads\/2023\/12\/Article_Republicain_1-700x516.jpg 700w, https:\/\/www.cvce.ch\/wp\/wp-content\/uploads\/2023\/12\/Article_Republicain_1-332x245.jpg 332w, https:\/\/www.cvce.ch\/wp\/wp-content\/uploads\/2023\/12\/Article_Republicain_1.jpg 1260w\" sizes=\"auto, (max-width: 1024px) 100vw, 1024px\" \/><\/a><\/figure>\n\n\n\n<figure class=\"wp-block-image size-full\"><a href=\"https:\/\/www.cvce.ch\/wp\/wp-content\/uploads\/2023\/12\/Article_Republicain_2.jpg\"><img loading=\"lazy\" decoding=\"async\" width=\"818\" height=\"725\" src=\"https:\/\/www.cvce.ch\/wp\/wp-content\/uploads\/2023\/12\/Article_Republicain_2.jpg\" alt=\"\" class=\"wp-image-7094\" srcset=\"https:\/\/www.cvce.ch\/wp\/wp-content\/uploads\/2023\/12\/Article_Republicain_2.jpg 818w, https:\/\/www.cvce.ch\/wp\/wp-content\/uploads\/2023\/12\/Article_Republicain_2-300x266.jpg 300w, https:\/\/www.cvce.ch\/wp\/wp-content\/uploads\/2023\/12\/Article_Republicain_2-768x681.jpg 768w, https:\/\/www.cvce.ch\/wp\/wp-content\/uploads\/2023\/12\/Article_Republicain_2-700x620.jpg 700w, https:\/\/www.cvce.ch\/wp\/wp-content\/uploads\/2023\/12\/Article_Republicain_2-332x294.jpg 332w\" sizes=\"auto, (max-width: 818px) 100vw, 818px\" \/><\/a><\/figure>\n\n\n\n<figure class=\"wp-block-image size-large\"><a href=\"https:\/\/www.cvce.ch\/wp\/wp-content\/uploads\/2023\/12\/DSC_0170-4.jpg\"><img loading=\"lazy\" decoding=\"async\" width=\"1024\" height=\"576\" src=\"https:\/\/www.cvce.ch\/wp\/wp-content\/uploads\/2023\/12\/DSC_0170-4-1024x576.jpg\" alt=\"\" class=\"wp-image-7095\" srcset=\"https:\/\/www.cvce.ch\/wp\/wp-content\/uploads\/2023\/12\/DSC_0170-4-1024x576.jpg 1024w, https:\/\/www.cvce.ch\/wp\/wp-content\/uploads\/2023\/12\/DSC_0170-4-300x169.jpg 300w, https:\/\/www.cvce.ch\/wp\/wp-content\/uploads\/2023\/12\/DSC_0170-4-768x432.jpg 768w, https:\/\/www.cvce.ch\/wp\/wp-content\/uploads\/2023\/12\/DSC_0170-4-1536x864.jpg 1536w, https:\/\/www.cvce.ch\/wp\/wp-content\/uploads\/2023\/12\/DSC_0170-4-700x393.jpg 700w, https:\/\/www.cvce.ch\/wp\/wp-content\/uploads\/2023\/12\/DSC_0170-4-332x187.jpg 332w, https:\/\/www.cvce.ch\/wp\/wp-content\/uploads\/2023\/12\/DSC_0170-4.jpg 1920w\" sizes=\"auto, (max-width: 1024px) 100vw, 1024px\" \/><\/a><\/figure>\n\n\n\n<p class=\"wp-block-paragraph\">Tout \u00e0 gauche: Le pr\u00e9sident Jean-Luc Chassot<br>Puis de gauche \u00e0 droite, les auteurs de cette \u00e9dition 2023: Bertrand Fontaine, Georges Losey, Claudy Berger, Vanessa Marguet, Isabelle Rachetta, Lionel Roux, Regula Pesse et Daniel Baudois. (manque Olivier Rapin).<\/p>\n\n\n\n<p class=\"wp-block-paragraph\"><em>3 pr\u00e9sentations sont visibles sur internet:<\/em><br><strong><a href=\"https:\/\/objectif-balade.ch\/film-sur-les-routes-de-laponie\/\" target=\"_blank\" rel=\"noreferrer noopener\">Sur les routes de Laponie<\/a>,<\/strong> le film gagnant de Bertrand Fontaine<br><strong><a href=\"https:\/\/www.youtube.com\/watch?v=9oIDLfhOXsk\" target=\"_blank\" rel=\"noreferrer noopener\">L&rsquo;automne dans les sous-bois<\/a>,<\/strong> un diaporama de Olivier Rapin.<br><strong><a href=\"https:\/\/www.youtube.com\/watch?v=1VjWYdgCTso\" target=\"_blank\" rel=\"noreferrer noopener\">Les meilleurs photos des th\u00e8mes 2023<\/a> <\/strong>de la section photo.<\/p>\n","protected":false},"excerpt":{"rendered":"<p>Article du journal et photo \u00ab\u00a0Le R\u00e9publicain\u00a0\u00bb Estavayer-le-Lac par Pauline Manzato: Tout \u00e0 gauche: Le pr\u00e9sident Jean-Luc ChassotPuis de gauche \u00e0 droite, les auteurs de cette \u00e9dition 2023: Bertrand Fontaine, Georges Losey, Claudy Berger, Vanessa Marguet, Isabelle Rachetta, Lionel Roux, Regula Pesse et Daniel Baudois. (manque Olivier Rapin). 3 pr\u00e9sentations &#8230;<\/p>\n","protected":false},"author":2,"featured_media":7095,"comment_status":"closed","ping_status":"open","sticky":false,"template":"","format":"standard","meta":{"footnotes":""},"categories":[4,5],"tags":[337,100,199,205,83,180,98,342,323,343],"class_list":["post-7092","post","type-post","status-publish","format-standard","has-post-thumbnail","hentry","category-activite","category-concours","tag-337","tag-azimut","tag-concours-annuel","tag-concours-diaporama","tag-concours-video","tag-cvce","tag-estavayer-le-lac","tag-photo-club","tag-projection-publique","tag-video-club","column","fourcol","has-thumbnail"],"_links":{"self":[{"href":"https:\/\/www.cvce.ch\/wp\/wp-json\/wp\/v2\/posts\/7092","targetHints":{"allow":["GET"]}}],"collection":[{"href":"https:\/\/www.cvce.ch\/wp\/wp-json\/wp\/v2\/posts"}],"about":[{"href":"https:\/\/www.cvce.ch\/wp\/wp-json\/wp\/v2\/types\/post"}],"author":[{"embeddable":true,"href":"https:\/\/www.cvce.ch\/wp\/wp-json\/wp\/v2\/users\/2"}],"replies":[{"embeddable":true,"href":"https:\/\/www.cvce.ch\/wp\/wp-json\/wp\/v2\/comments?post=7092"}],"version-history":[{"count":3,"href":"https:\/\/www.cvce.ch\/wp\/wp-json\/wp\/v2\/posts\/7092\/revisions"}],"predecessor-version":[{"id":7099,"href":"https:\/\/www.cvce.ch\/wp\/wp-json\/wp\/v2\/posts\/7092\/revisions\/7099"}],"wp:featuredmedia":[{"embeddable":true,"href":"https:\/\/www.cvce.ch\/wp\/wp-json\/wp\/v2\/media\/7095"}],"wp:attachment":[{"href":"https:\/\/www.cvce.ch\/wp\/wp-json\/wp\/v2\/media?parent=7092"}],"wp:term":[{"taxonomy":"category","embeddable":true,"href":"https:\/\/www.cvce.ch\/wp\/wp-json\/wp\/v2\/categories?post=7092"},{"taxonomy":"post_tag","embeddable":true,"href":"https:\/\/www.cvce.ch\/wp\/wp-json\/wp\/v2\/tags?post=7092"}],"curies":[{"name":"wp","href":"https:\/\/api.w.org\/{rel}","templated":true}]}}