{"id":729,"date":"2013-11-20T08:48:43","date_gmt":"2013-11-20T07:48:43","guid":{"rendered":"http:\/\/www.cvce.ch\/wp\/?p=729"},"modified":"2015-08-21T07:31:53","modified_gmt":"2015-08-21T05:31:53","slug":"concours-seul-novembre-2013","status":"publish","type":"post","link":"https:\/\/www.cvce.ch\/wp\/2013\/11\/concours-seul-novembre-2013\/","title":{"rendered":"Concours \u2013 Seul \u2013 Novembre 2013"},"content":{"rendered":"<p>Th\u00e8me du concours : <b>Seul<\/b><\/p>\n<p><a href=\"http:\/\/www.cvce.ch\/wp\/wp-content\/uploads\/2015\/08\/2013-cvce-novembre-samuel-01.jpg\"><img loading=\"lazy\" decoding=\"async\" class=\"alignnone size-medium wp-image-716\" src=\"http:\/\/www.cvce.ch\/wp\/wp-content\/uploads\/2015\/08\/2013-cvce-novembre-samuel-01-300x199.jpg\" alt=\"2013-cvce-novembre-samuel-01\" width=\"300\" height=\"199\" data-id=\"716\" srcset=\"https:\/\/www.cvce.ch\/wp\/wp-content\/uploads\/2015\/08\/2013-cvce-novembre-samuel-01-300x199.jpg 300w, https:\/\/www.cvce.ch\/wp\/wp-content\/uploads\/2015\/08\/2013-cvce-novembre-samuel-01.jpg 1024w, https:\/\/www.cvce.ch\/wp\/wp-content\/uploads\/2015\/08\/2013-cvce-novembre-samuel-01-700x465.jpg 700w, https:\/\/www.cvce.ch\/wp\/wp-content\/uploads\/2015\/08\/2013-cvce-novembre-samuel-01-332x220.jpg 332w\" sizes=\"auto, (max-width: 300px) 100vw, 300px\" \/><\/a><\/p>\n<p><strong>Classement:<\/strong><\/p>\n<ol>\n<li>Samuel Jacquat<\/li>\n<li>C\u00e9line Lang<\/li>\n<li>C\u00e9line Lang<\/li>\n<\/ol>\n<div id='gallery-1' class='gallery galleryid-729 gallery-columns-4 gallery-size-thumbnail'><figure class='gallery-item'>\n\t\t\t<div class='gallery-icon landscape'>\n\t\t\t\t<a rel='attachment' href='https:\/\/www.cvce.ch\/wp\/wp-content\/uploads\/2015\/08\/2013-CVCE-novembre-Georges-03.jpg'><img loading=\"lazy\" decoding=\"async\" width=\"150\" height=\"150\" src=\"https:\/\/www.cvce.ch\/wp\/wp-content\/uploads\/2015\/08\/2013-CVCE-novembre-Georges-03-150x150.jpg\" class=\"attachment-thumbnail size-thumbnail\" alt=\"\" aria-describedby=\"gallery-1-728\" srcset=\"https:\/\/www.cvce.ch\/wp\/wp-content\/uploads\/2015\/08\/2013-CVCE-novembre-Georges-03-150x150.jpg 150w, https:\/\/www.cvce.ch\/wp\/wp-content\/uploads\/2015\/08\/2013-CVCE-novembre-Georges-03-432x432.jpg 432w, https:\/\/www.cvce.ch\/wp\/wp-content\/uploads\/2015\/08\/2013-CVCE-novembre-Georges-03-268x268.jpg 268w\" sizes=\"auto, (max-width: 150px) 100vw, 150px\" \/><\/a>\n\t\t\t<\/div>\n\t\t\t\t<figcaption class='wp-caption-text gallery-caption' id='gallery-1-728'>\n\t\t\t\tGeorges Losey\n\t\t\t\t<\/figcaption><\/figure><figure class='gallery-item'>\n\t\t\t<div class='gallery-icon portrait'>\n\t\t\t\t<a rel='attachment' href='https:\/\/www.cvce.ch\/wp\/wp-content\/uploads\/2015\/08\/2013-CVCE-novembre-Georges-01.jpg'><img loading=\"lazy\" decoding=\"async\" width=\"150\" height=\"150\" src=\"https:\/\/www.cvce.ch\/wp\/wp-content\/uploads\/2015\/08\/2013-CVCE-novembre-Georges-01-150x150.jpg\" class=\"attachment-thumbnail size-thumbnail\" alt=\"\" aria-describedby=\"gallery-1-726\" srcset=\"https:\/\/www.cvce.ch\/wp\/wp-content\/uploads\/2015\/08\/2013-CVCE-novembre-Georges-01-150x150.jpg 150w, https:\/\/www.cvce.ch\/wp\/wp-content\/uploads\/2015\/08\/2013-CVCE-novembre-Georges-01-432x432.jpg 432w, https:\/\/www.cvce.ch\/wp\/wp-content\/uploads\/2015\/08\/2013-CVCE-novembre-Georges-01-268x268.jpg 268w\" sizes=\"auto, (max-width: 150px) 100vw, 150px\" \/><\/a>\n\t\t\t<\/div>\n\t\t\t\t<figcaption class='wp-caption-text gallery-caption' id='gallery-1-726'>\n\t\t\t\tGeorges Losey\n\t\t\t\t<\/figcaption><\/figure><figure class='gallery-item'>\n\t\t\t<div class='gallery-icon landscape'>\n\t\t\t\t<a rel='attachment' href='https:\/\/www.cvce.ch\/wp\/wp-content\/uploads\/2015\/08\/2013-CVCE-novembre-Georges-02.jpg'><img loading=\"lazy\" decoding=\"async\" width=\"150\" height=\"150\" src=\"https:\/\/www.cvce.ch\/wp\/wp-content\/uploads\/2015\/08\/2013-CVCE-novembre-Georges-02-150x150.jpg\" class=\"attachment-thumbnail size-thumbnail\" alt=\"\" aria-describedby=\"gallery-1-727\" srcset=\"https:\/\/www.cvce.ch\/wp\/wp-content\/uploads\/2015\/08\/2013-CVCE-novembre-Georges-02-150x150.jpg 150w, https:\/\/www.cvce.ch\/wp\/wp-content\/uploads\/2015\/08\/2013-CVCE-novembre-Georges-02-432x432.jpg 432w, https:\/\/www.cvce.ch\/wp\/wp-content\/uploads\/2015\/08\/2013-CVCE-novembre-Georges-02-268x268.jpg 268w\" sizes=\"auto, (max-width: 150px) 100vw, 150px\" \/><\/a>\n\t\t\t<\/div>\n\t\t\t\t<figcaption class='wp-caption-text gallery-caption' id='gallery-1-727'>\n\t\t\t\tGeorges Losey\n\t\t\t\t<\/figcaption><\/figure><figure class='gallery-item'>\n\t\t\t<div class='gallery-icon landscape'>\n\t\t\t\t<a rel='attachment' href='https:\/\/www.cvce.ch\/wp\/wp-content\/uploads\/2015\/08\/2013-CVCE-novembre-Fabrice-03.jpg'><img loading=\"lazy\" decoding=\"async\" width=\"150\" height=\"150\" src=\"https:\/\/www.cvce.ch\/wp\/wp-content\/uploads\/2015\/08\/2013-CVCE-novembre-Fabrice-03-150x150.jpg\" class=\"attachment-thumbnail size-thumbnail\" alt=\"\" aria-describedby=\"gallery-1-725\" srcset=\"https:\/\/www.cvce.ch\/wp\/wp-content\/uploads\/2015\/08\/2013-CVCE-novembre-Fabrice-03-150x150.jpg 150w, https:\/\/www.cvce.ch\/wp\/wp-content\/uploads\/2015\/08\/2013-CVCE-novembre-Fabrice-03-432x432.jpg 432w, https:\/\/www.cvce.ch\/wp\/wp-content\/uploads\/2015\/08\/2013-CVCE-novembre-Fabrice-03-268x268.jpg 268w\" sizes=\"auto, (max-width: 150px) 100vw, 150px\" \/><\/a>\n\t\t\t<\/div>\n\t\t\t\t<figcaption class='wp-caption-text gallery-caption' id='gallery-1-725'>\n\t\t\t\tFabrice Michel\n\t\t\t\t<\/figcaption><\/figure><figure class='gallery-item'>\n\t\t\t<div class='gallery-icon landscape'>\n\t\t\t\t<a rel='attachment' href='https:\/\/www.cvce.ch\/wp\/wp-content\/uploads\/2015\/08\/2013-CVCE-novembre-Fabrice-02.jpg'><img loading=\"lazy\" decoding=\"async\" width=\"150\" height=\"150\" src=\"https:\/\/www.cvce.ch\/wp\/wp-content\/uploads\/2015\/08\/2013-CVCE-novembre-Fabrice-02-150x150.jpg\" class=\"attachment-thumbnail size-thumbnail\" alt=\"\" aria-describedby=\"gallery-1-724\" srcset=\"https:\/\/www.cvce.ch\/wp\/wp-content\/uploads\/2015\/08\/2013-CVCE-novembre-Fabrice-02-150x150.jpg 150w, https:\/\/www.cvce.ch\/wp\/wp-content\/uploads\/2015\/08\/2013-CVCE-novembre-Fabrice-02-432x432.jpg 432w, https:\/\/www.cvce.ch\/wp\/wp-content\/uploads\/2015\/08\/2013-CVCE-novembre-Fabrice-02-268x268.jpg 268w\" sizes=\"auto, (max-width: 150px) 100vw, 150px\" \/><\/a>\n\t\t\t<\/div>\n\t\t\t\t<figcaption class='wp-caption-text gallery-caption' id='gallery-1-724'>\n\t\t\t\tFabrice Michel\n\t\t\t\t<\/figcaption><\/figure><figure class='gallery-item'>\n\t\t\t<div class='gallery-icon landscape'>\n\t\t\t\t<a rel='attachment' href='https:\/\/www.cvce.ch\/wp\/wp-content\/uploads\/2015\/08\/2013-CVCE-novembre-Fabrice-01.jpg'><img loading=\"lazy\" decoding=\"async\" width=\"150\" height=\"150\" src=\"https:\/\/www.cvce.ch\/wp\/wp-content\/uploads\/2015\/08\/2013-CVCE-novembre-Fabrice-01-150x150.jpg\" class=\"attachment-thumbnail size-thumbnail\" alt=\"\" aria-describedby=\"gallery-1-723\" srcset=\"https:\/\/www.cvce.ch\/wp\/wp-content\/uploads\/2015\/08\/2013-CVCE-novembre-Fabrice-01-150x150.jpg 150w, https:\/\/www.cvce.ch\/wp\/wp-content\/uploads\/2015\/08\/2013-CVCE-novembre-Fabrice-01-432x432.jpg 432w, https:\/\/www.cvce.ch\/wp\/wp-content\/uploads\/2015\/08\/2013-CVCE-novembre-Fabrice-01-268x268.jpg 268w\" sizes=\"auto, (max-width: 150px) 100vw, 150px\" \/><\/a>\n\t\t\t<\/div>\n\t\t\t\t<figcaption class='wp-caption-text gallery-caption' id='gallery-1-723'>\n\t\t\t\tFabrice Michel\n\t\t\t\t<\/figcaption><\/figure><figure class='gallery-item'>\n\t\t\t<div class='gallery-icon landscape'>\n\t\t\t\t<a rel='attachment' href='https:\/\/www.cvce.ch\/wp\/wp-content\/uploads\/2015\/08\/2013-CVCE-novembre-Celine-02.jpg'><img loading=\"lazy\" decoding=\"async\" width=\"150\" height=\"150\" src=\"https:\/\/www.cvce.ch\/wp\/wp-content\/uploads\/2015\/08\/2013-CVCE-novembre-Celine-02-150x150.jpg\" class=\"attachment-thumbnail size-thumbnail\" alt=\"\" aria-describedby=\"gallery-1-721\" srcset=\"https:\/\/www.cvce.ch\/wp\/wp-content\/uploads\/2015\/08\/2013-CVCE-novembre-Celine-02-150x150.jpg 150w, https:\/\/www.cvce.ch\/wp\/wp-content\/uploads\/2015\/08\/2013-CVCE-novembre-Celine-02-432x432.jpg 432w, https:\/\/www.cvce.ch\/wp\/wp-content\/uploads\/2015\/08\/2013-CVCE-novembre-Celine-02-268x268.jpg 268w\" sizes=\"auto, (max-width: 150px) 100vw, 150px\" \/><\/a>\n\t\t\t<\/div>\n\t\t\t\t<figcaption class='wp-caption-text gallery-caption' id='gallery-1-721'>\n\t\t\t\tC\u00e9line Lang\n\t\t\t\t<\/figcaption><\/figure><figure class='gallery-item'>\n\t\t\t<div class='gallery-icon landscape'>\n\t\t\t\t<a rel='attachment' href='https:\/\/www.cvce.ch\/wp\/wp-content\/uploads\/2015\/08\/2013-CVCE-novembre-Celine-03.jpg'><img loading=\"lazy\" decoding=\"async\" width=\"150\" height=\"150\" src=\"https:\/\/www.cvce.ch\/wp\/wp-content\/uploads\/2015\/08\/2013-CVCE-novembre-Celine-03-150x150.jpg\" class=\"attachment-thumbnail size-thumbnail\" alt=\"\" aria-describedby=\"gallery-1-722\" srcset=\"https:\/\/www.cvce.ch\/wp\/wp-content\/uploads\/2015\/08\/2013-CVCE-novembre-Celine-03-150x150.jpg 150w, https:\/\/www.cvce.ch\/wp\/wp-content\/uploads\/2015\/08\/2013-CVCE-novembre-Celine-03-432x432.jpg 432w, https:\/\/www.cvce.ch\/wp\/wp-content\/uploads\/2015\/08\/2013-CVCE-novembre-Celine-03-268x268.jpg 268w\" sizes=\"auto, (max-width: 150px) 100vw, 150px\" \/><\/a>\n\t\t\t<\/div>\n\t\t\t\t<figcaption class='wp-caption-text gallery-caption' id='gallery-1-722'>\n\t\t\t\tC\u00e9line Lang\n\t\t\t\t<\/figcaption><\/figure><figure class='gallery-item'>\n\t\t\t<div class='gallery-icon landscape'>\n\t\t\t\t<a rel='attachment' href='https:\/\/www.cvce.ch\/wp\/wp-content\/uploads\/2015\/08\/2013-CVCE-novembre-Celine-01.jpg'><img loading=\"lazy\" decoding=\"async\" width=\"150\" height=\"150\" src=\"https:\/\/www.cvce.ch\/wp\/wp-content\/uploads\/2015\/08\/2013-CVCE-novembre-Celine-01-150x150.jpg\" class=\"attachment-thumbnail size-thumbnail\" alt=\"\" aria-describedby=\"gallery-1-720\" srcset=\"https:\/\/www.cvce.ch\/wp\/wp-content\/uploads\/2015\/08\/2013-CVCE-novembre-Celine-01-150x150.jpg 150w, https:\/\/www.cvce.ch\/wp\/wp-content\/uploads\/2015\/08\/2013-CVCE-novembre-Celine-01-432x432.jpg 432w, https:\/\/www.cvce.ch\/wp\/wp-content\/uploads\/2015\/08\/2013-CVCE-novembre-Celine-01-268x268.jpg 268w\" sizes=\"auto, (max-width: 150px) 100vw, 150px\" \/><\/a>\n\t\t\t<\/div>\n\t\t\t\t<figcaption class='wp-caption-text gallery-caption' id='gallery-1-720'>\n\t\t\t\tC\u00e9line Lang\n\t\t\t\t<\/figcaption><\/figure><figure class='gallery-item'>\n\t\t\t<div class='gallery-icon landscape'>\n\t\t\t\t<a rel='attachment' href='https:\/\/www.cvce.ch\/wp\/wp-content\/uploads\/2015\/08\/2013-CVCE-novembre-Willy-03.jpg'><img loading=\"lazy\" decoding=\"async\" width=\"150\" height=\"150\" src=\"https:\/\/www.cvce.ch\/wp\/wp-content\/uploads\/2015\/08\/2013-CVCE-novembre-Willy-03-150x150.jpg\" class=\"attachment-thumbnail size-thumbnail\" alt=\"\" aria-describedby=\"gallery-1-719\" srcset=\"https:\/\/www.cvce.ch\/wp\/wp-content\/uploads\/2015\/08\/2013-CVCE-novembre-Willy-03-150x150.jpg 150w, https:\/\/www.cvce.ch\/wp\/wp-content\/uploads\/2015\/08\/2013-CVCE-novembre-Willy-03-432x432.jpg 432w, https:\/\/www.cvce.ch\/wp\/wp-content\/uploads\/2015\/08\/2013-CVCE-novembre-Willy-03-268x268.jpg 268w\" sizes=\"auto, (max-width: 150px) 100vw, 150px\" \/><\/a>\n\t\t\t<\/div>\n\t\t\t\t<figcaption class='wp-caption-text gallery-caption' id='gallery-1-719'>\n\t\t\t\tWilly Jaquet\n\t\t\t\t<\/figcaption><\/figure><figure class='gallery-item'>\n\t\t\t<div class='gallery-icon portrait'>\n\t\t\t\t<a rel='attachment' href='https:\/\/www.cvce.ch\/wp\/wp-content\/uploads\/2015\/08\/2013-CVCE-novembre-Willy-02.jpg'><img loading=\"lazy\" decoding=\"async\" width=\"150\" height=\"150\" src=\"https:\/\/www.cvce.ch\/wp\/wp-content\/uploads\/2015\/08\/2013-CVCE-novembre-Willy-02-150x150.jpg\" class=\"attachment-thumbnail size-thumbnail\" alt=\"\" aria-describedby=\"gallery-1-718\" srcset=\"https:\/\/www.cvce.ch\/wp\/wp-content\/uploads\/2015\/08\/2013-CVCE-novembre-Willy-02-150x150.jpg 150w, https:\/\/www.cvce.ch\/wp\/wp-content\/uploads\/2015\/08\/2013-CVCE-novembre-Willy-02-432x432.jpg 432w, https:\/\/www.cvce.ch\/wp\/wp-content\/uploads\/2015\/08\/2013-CVCE-novembre-Willy-02-268x268.jpg 268w\" sizes=\"auto, (max-width: 150px) 100vw, 150px\" \/><\/a>\n\t\t\t<\/div>\n\t\t\t\t<figcaption class='wp-caption-text gallery-caption' id='gallery-1-718'>\n\t\t\t\tWilly Jaquet\n\t\t\t\t<\/figcaption><\/figure><figure class='gallery-item'>\n\t\t\t<div class='gallery-icon portrait'>\n\t\t\t\t<a rel='attachment' href='https:\/\/www.cvce.ch\/wp\/wp-content\/uploads\/2015\/08\/2013-CVCE-novembre-Willy-01.jpg'><img loading=\"lazy\" decoding=\"async\" width=\"150\" height=\"150\" src=\"https:\/\/www.cvce.ch\/wp\/wp-content\/uploads\/2015\/08\/2013-CVCE-novembre-Willy-01-150x150.jpg\" class=\"attachment-thumbnail size-thumbnail\" alt=\"\" aria-describedby=\"gallery-1-717\" srcset=\"https:\/\/www.cvce.ch\/wp\/wp-content\/uploads\/2015\/08\/2013-CVCE-novembre-Willy-01-150x150.jpg 150w, https:\/\/www.cvce.ch\/wp\/wp-content\/uploads\/2015\/08\/2013-CVCE-novembre-Willy-01-432x432.jpg 432w, https:\/\/www.cvce.ch\/wp\/wp-content\/uploads\/2015\/08\/2013-CVCE-novembre-Willy-01-268x268.jpg 268w\" sizes=\"auto, (max-width: 150px) 100vw, 150px\" \/><\/a>\n\t\t\t<\/div>\n\t\t\t\t<figcaption class='wp-caption-text gallery-caption' id='gallery-1-717'>\n\t\t\t\tWilly Jaquet\n\t\t\t\t<\/figcaption><\/figure><figure class='gallery-item'>\n\t\t\t<div class='gallery-icon landscape'>\n\t\t\t\t<a rel='attachment' href='https:\/\/www.cvce.ch\/wp\/wp-content\/uploads\/2015\/08\/2013-cvce-novembre-samuel-01.jpg'><img loading=\"lazy\" decoding=\"async\" width=\"150\" height=\"150\" src=\"https:\/\/www.cvce.ch\/wp\/wp-content\/uploads\/2015\/08\/2013-cvce-novembre-samuel-01-150x150.jpg\" class=\"attachment-thumbnail size-thumbnail\" alt=\"\" aria-describedby=\"gallery-1-716\" srcset=\"https:\/\/www.cvce.ch\/wp\/wp-content\/uploads\/2015\/08\/2013-cvce-novembre-samuel-01-150x150.jpg 150w, https:\/\/www.cvce.ch\/wp\/wp-content\/uploads\/2015\/08\/2013-cvce-novembre-samuel-01-432x432.jpg 432w, https:\/\/www.cvce.ch\/wp\/wp-content\/uploads\/2015\/08\/2013-cvce-novembre-samuel-01-268x268.jpg 268w\" sizes=\"auto, (max-width: 150px) 100vw, 150px\" \/><\/a>\n\t\t\t<\/div>\n\t\t\t\t<figcaption class='wp-caption-text gallery-caption' id='gallery-1-716'>\n\t\t\t\tSamuel Jacquat\n\t\t\t\t<\/figcaption><\/figure><figure class='gallery-item'>\n\t\t\t<div class='gallery-icon landscape'>\n\t\t\t\t<a rel='attachment' href='https:\/\/www.cvce.ch\/wp\/wp-content\/uploads\/2015\/08\/2013-CVCE-novembre-Georgy-03.jpg'><img loading=\"lazy\" decoding=\"async\" width=\"150\" height=\"150\" src=\"https:\/\/www.cvce.ch\/wp\/wp-content\/uploads\/2015\/08\/2013-CVCE-novembre-Georgy-03-150x150.jpg\" class=\"attachment-thumbnail size-thumbnail\" alt=\"\" aria-describedby=\"gallery-1-715\" srcset=\"https:\/\/www.cvce.ch\/wp\/wp-content\/uploads\/2015\/08\/2013-CVCE-novembre-Georgy-03-150x150.jpg 150w, https:\/\/www.cvce.ch\/wp\/wp-content\/uploads\/2015\/08\/2013-CVCE-novembre-Georgy-03-432x432.jpg 432w, https:\/\/www.cvce.ch\/wp\/wp-content\/uploads\/2015\/08\/2013-CVCE-novembre-Georgy-03-268x268.jpg 268w\" sizes=\"auto, (max-width: 150px) 100vw, 150px\" \/><\/a>\n\t\t\t<\/div>\n\t\t\t\t<figcaption class='wp-caption-text gallery-caption' id='gallery-1-715'>\n\t\t\t\tGeorgy Chassot\n\t\t\t\t<\/figcaption><\/figure><figure class='gallery-item'>\n\t\t\t<div class='gallery-icon landscape'>\n\t\t\t\t<a rel='attachment' href='https:\/\/www.cvce.ch\/wp\/wp-content\/uploads\/2015\/08\/2013-CVCE-novembre-Georgy-02.jpg'><img loading=\"lazy\" decoding=\"async\" width=\"150\" height=\"150\" src=\"https:\/\/www.cvce.ch\/wp\/wp-content\/uploads\/2015\/08\/2013-CVCE-novembre-Georgy-02-150x150.jpg\" class=\"attachment-thumbnail size-thumbnail\" alt=\"\" aria-describedby=\"gallery-1-714\" srcset=\"https:\/\/www.cvce.ch\/wp\/wp-content\/uploads\/2015\/08\/2013-CVCE-novembre-Georgy-02-150x150.jpg 150w, https:\/\/www.cvce.ch\/wp\/wp-content\/uploads\/2015\/08\/2013-CVCE-novembre-Georgy-02-432x432.jpg 432w, https:\/\/www.cvce.ch\/wp\/wp-content\/uploads\/2015\/08\/2013-CVCE-novembre-Georgy-02-268x268.jpg 268w\" sizes=\"auto, (max-width: 150px) 100vw, 150px\" \/><\/a>\n\t\t\t<\/div>\n\t\t\t\t<figcaption class='wp-caption-text gallery-caption' id='gallery-1-714'>\n\t\t\t\tGeorgy Chassot\n\t\t\t\t<\/figcaption><\/figure><figure class='gallery-item'>\n\t\t\t<div class='gallery-icon landscape'>\n\t\t\t\t<a rel='attachment' href='https:\/\/www.cvce.ch\/wp\/wp-content\/uploads\/2015\/08\/2013-CVCE-novembre-Georgy-01.jpg'><img loading=\"lazy\" decoding=\"async\" width=\"150\" height=\"150\" src=\"https:\/\/www.cvce.ch\/wp\/wp-content\/uploads\/2015\/08\/2013-CVCE-novembre-Georgy-01-150x150.jpg\" class=\"attachment-thumbnail size-thumbnail\" alt=\"\" aria-describedby=\"gallery-1-713\" srcset=\"https:\/\/www.cvce.ch\/wp\/wp-content\/uploads\/2015\/08\/2013-CVCE-novembre-Georgy-01-150x150.jpg 150w, https:\/\/www.cvce.ch\/wp\/wp-content\/uploads\/2015\/08\/2013-CVCE-novembre-Georgy-01-432x432.jpg 432w, https:\/\/www.cvce.ch\/wp\/wp-content\/uploads\/2015\/08\/2013-CVCE-novembre-Georgy-01-268x268.jpg 268w\" sizes=\"auto, (max-width: 150px) 100vw, 150px\" \/><\/a>\n\t\t\t<\/div>\n\t\t\t\t<figcaption class='wp-caption-text gallery-caption' id='gallery-1-713'>\n\t\t\t\tGeorgy Chassot\n\t\t\t\t<\/figcaption><\/figure>\n\t\t<\/div>\n\n","protected":false},"excerpt":{"rendered":"<p>Th\u00e8me du concours : Seul Classement: Samuel Jacquat C\u00e9line Lang C\u00e9line Lang<\/p>\n","protected":false},"author":3,"featured_media":716,"comment_status":"open","ping_status":"open","sticky":false,"template":"","format":"standard","meta":{"footnotes":""},"categories":[5],"tags":[38,79,35,42],"class_list":["post-729","post","type-post","status-publish","format-standard","has-post-thumbnail","hentry","category-concours","tag-38","tag-concours-photo","tag-novembre","tag-seul","column","fourcol","has-thumbnail"],"_links":{"self":[{"href":"https:\/\/www.cvce.ch\/wp\/wp-json\/wp\/v2\/posts\/729","targetHints":{"allow":["GET"]}}],"collection":[{"href":"https:\/\/www.cvce.ch\/wp\/wp-json\/wp\/v2\/posts"}],"about":[{"href":"https:\/\/www.cvce.ch\/wp\/wp-json\/wp\/v2\/types\/post"}],"author":[{"embeddable":true,"href":"https:\/\/www.cvce.ch\/wp\/wp-json\/wp\/v2\/users\/3"}],"replies":[{"embeddable":true,"href":"https:\/\/www.cvce.ch\/wp\/wp-json\/wp\/v2\/comments?post=729"}],"version-history":[{"count":1,"href":"https:\/\/www.cvce.ch\/wp\/wp-json\/wp\/v2\/posts\/729\/revisions"}],"predecessor-version":[{"id":731,"href":"https:\/\/www.cvce.ch\/wp\/wp-json\/wp\/v2\/posts\/729\/revisions\/731"}],"wp:featuredmedia":[{"embeddable":true,"href":"https:\/\/www.cvce.ch\/wp\/wp-json\/wp\/v2\/media\/716"}],"wp:attachment":[{"href":"https:\/\/www.cvce.ch\/wp\/wp-json\/wp\/v2\/media?parent=729"}],"wp:term":[{"taxonomy":"category","embeddable":true,"href":"https:\/\/www.cvce.ch\/wp\/wp-json\/wp\/v2\/categories?post=729"},{"taxonomy":"post_tag","embeddable":true,"href":"https:\/\/www.cvce.ch\/wp\/wp-json\/wp\/v2\/tags?post=729"}],"curies":[{"name":"wp","href":"https:\/\/api.w.org\/{rel}","templated":true}]}}